{"id":5848,"date":"2017-11-15T21:15:10","date_gmt":"2017-11-15T20:15:10","guid":{"rendered":"http:\/\/agora.xtec.cat\/ceipsantjordi-massanet\/?p=5848"},"modified":"2017-11-15T22:11:09","modified_gmt":"2017-11-15T21:11:09","slug":"sortida-de-cicle-mitja-a-lauditoti-de-sant-cugatallegro-vivacce","status":"publish","type":"post","link":"https:\/\/agora.xtec.cat\/ceipsantjordi-massanet\/portada\/sortida-de-cicle-mitja-a-lauditoti-de-sant-cugatallegro-vivacce\/","title":{"rendered":"SORTIDA DE CICLE MITJ\u00c0  A L&#8217;AUDITORI DE SANT CUGAT: ALLEGRO VIVACE"},"content":{"rendered":"<p><iframe loading=\"lazy\" width=\"560\" height=\"315\" src=\"https:\/\/www.youtube.com\/embed\/hyv5oC00fv0?rel=0&amp;controls=0&amp;showinfo=0\" frameborder=\"0\" allowfullscreen><\/iframe><\/p>\n<p>En el seu afany de trobar un local abandonat on poder celebrar, juntament amb els seus collegues, una gran festa, una noia s\u2019aventura dintre d\u2019una mena de magatzem que ha estat tancat durant molts anys. All\u00e0, de cop i volta, es troba amb un personatge curi\u00f3s i teatral, el Vivace, que li explicar\u00e0 que \u00e9s l\u2019encarregat de guardar el magatzem amb els tresors de l\u2019\u00f2pera que cont\u00e9.<\/p>\n<p>La noia, molt afeccionada a la m\u00fasica i coneixedora de les noves tend\u00e8ncies musicals (Techno, Trip-Hop, Ska, Progressive, etc.), manifesta al Vivace el seu desconeixement del m\u00f3n de l\u2019\u00f2pera; un desconeixement similar al del Vivace de les noves tend\u00e8ncies musicals. Vivace i la noia, per\u00f2, tenen un denominador com\u00fa: la seva passi\u00f3 per la m\u00fasica.<\/p>\n","protected":false},"excerpt":{"rendered":"<p>En el seu afany de trobar un local abandonat on poder celebrar, juntament amb els seus collegues, una gran festa, una noia s\u2019aventura dintre d\u2019una mena de magatzem que ha estat tancat durant molts anys. All\u00e0, de cop i volta, es troba amb un personatge&hellip;  <a href=\"https:\/\/agora.xtec.cat\/ceipsantjordi-massanet\/portada\/sortida-de-cicle-mitja-a-lauditoti-de-sant-cugatallegro-vivacce\/\" title=\"Read SORTIDA DE CICLE MITJ\u00c0  A L&#8217;AUDITORI DE SANT CUGAT: ALLEGRO VIVACE\">Llegeix m\u00e9s\u00bb<\/a><\/p>\n","protected":false},"author":4,"featured_media":5849,"comment_status":"open","ping_status":"closed","sticky":false,"template":"","format":"standard","meta":{"_bbp_topic_count":0,"_bbp_reply_count":0,"_bbp_total_topic_count":0,"_bbp_total_reply_count":0,"_bbp_voice_count":0,"_bbp_anonymous_reply_count":0,"_bbp_topic_count_hidden":0,"_bbp_reply_count_hidden":0,"_bbp_forum_subforum_count":0,"footnotes":""},"categories":[4,5,13,12],"tags":[],"class_list":["post-5848","post","type-post","status-publish","format-standard","has-post-thumbnail","hentry","category-portada","category-primaria","category-4t","category-3r"],"post_mailing_queue_ids":[],"_links":{"self":[{"href":"https:\/\/agora.xtec.cat\/ceipsantjordi-massanet\/wp-json\/wp\/v2\/posts\/5848","targetHints":{"allow":["GET"]}}],"collection":[{"href":"https:\/\/agora.xtec.cat\/ceipsantjordi-massanet\/wp-json\/wp\/v2\/posts"}],"about":[{"href":"https:\/\/agora.xtec.cat\/ceipsantjordi-massanet\/wp-json\/wp\/v2\/types\/post"}],"author":[{"embeddable":true,"href":"https:\/\/agora.xtec.cat\/ceipsantjordi-massanet\/wp-json\/wp\/v2\/users\/4"}],"replies":[{"embeddable":true,"href":"https:\/\/agora.xtec.cat\/ceipsantjordi-massanet\/wp-json\/wp\/v2\/comments?post=5848"}],"version-history":[{"count":3,"href":"https:\/\/agora.xtec.cat\/ceipsantjordi-massanet\/wp-json\/wp\/v2\/posts\/5848\/revisions"}],"predecessor-version":[{"id":5859,"href":"https:\/\/agora.xtec.cat\/ceipsantjordi-massanet\/wp-json\/wp\/v2\/posts\/5848\/revisions\/5859"}],"wp:featuredmedia":[{"embeddable":true,"href":"https:\/\/agora.xtec.cat\/ceipsantjordi-massanet\/wp-json\/wp\/v2\/media\/5849"}],"wp:attachment":[{"href":"https:\/\/agora.xtec.cat\/ceipsantjordi-massanet\/wp-json\/wp\/v2\/media?parent=5848"}],"wp:term":[{"taxonomy":"category","embeddable":true,"href":"https:\/\/agora.xtec.cat\/ceipsantjordi-massanet\/wp-json\/wp\/v2\/categories?post=5848"},{"taxonomy":"post_tag","embeddable":true,"href":"https:\/\/agora.xtec.cat\/ceipsantjordi-massanet\/wp-json\/wp\/v2\/tags?post=5848"}],"curies":[{"name":"wp","href":"https:\/\/api.w.org\/{rel}","templated":true}]}}