{"id":5798,"date":"2017-11-09T13:02:25","date_gmt":"2017-11-09T12:02:25","guid":{"rendered":"http:\/\/agora.xtec.cat\/ceipsantjordi-massanet\/?p=5798"},"modified":"2018-02-18T15:51:24","modified_gmt":"2018-02-18T14:51:24","slug":"la-castanyada","status":"publish","type":"post","link":"https:\/\/agora.xtec.cat\/ceipsantjordi-massanet\/primaria\/1r\/la-castanyada\/","title":{"rendered":"LA CASTANYADA"},"content":{"rendered":"<p>El passat 30 d\u2019octubre la nostra escola va celebrar el dia de la castanyada, una diada molt esperada on es van realitzar diferents activitats relacionades amb l\u2019arribada de la tardor.<br \/>\nDespr\u00e9s de l\u2019estona de pati, la J\u00e8ss ens va explicar el conte de Casa, casita un conte carregat de sorpreses que ens va fer emocionar i que ens va agradar molt a tots i totes. En acabar vam estar parlant de quines coses ens havien agradat m\u00e9s, i molts vam coincidir en que el que m\u00e9s ens va agradar va ser com els nostres protagonistes s\u2019ajudaven i pensaven en els dem\u00e9s.<br \/>\nA la tarda, vam fer la dansa el petit vailet i vam poder veure els balls que la resta de nens i nenes de l\u2019escola havien preparat per la diada. Aix\u00ed com la dansa dels castanyers i castanyeres, que en acabar ens van repartir les paperines amb castanyes!!! Qu\u00e8 bones que s\u00f3n!!!<\/p>\n<div>\u00a0\u00a0\u00a0\u00a0\u00a0\u00a0\u00a0\u00a0\u00a0\u00a0 <iframe loading=\"lazy\" src=\"http:\/\/www.kizoa.com\/embed-150569089-2256309o1l1\" width=\"640\" height=\"360\" frameborder=\"0\" allowfullscreen=\"allowfullscreen\"><\/iframe><br \/>\n<a href=\"http:\/\/www.kizoa.es\/Editar-Videos-Movie-Maker\/d150569089k2256309o2l1\/sin-ttulo-\"><b>Sin t\u00edtulo <\/b><\/a><\/div>\n","protected":false},"excerpt":{"rendered":"<p>El passat 30 d\u2019octubre la nostra escola va celebrar el dia de la castanyada, una diada molt esperada on es van realitzar diferents activitats relacionades amb l\u2019arribada de la tardor.<br \/>\nDespr\u00e9s de l\u2019estona de pati, la J\u00e8ss ens va explicar el conte de Casa, casita un&hellip;  <a href=\"https:\/\/agora.xtec.cat\/ceipsantjordi-massanet\/primaria\/1r\/la-castanyada\/\" title=\"Read LA CASTANYADA\">Llegeix m\u00e9s\u00bb<\/a><\/p>\n","protected":false},"author":4,"featured_media":0,"comment_status":"open","ping_status":"closed","sticky":false,"template":"","format":"standard","meta":{"_bbp_topic_count":0,"_bbp_reply_count":0,"_bbp_total_topic_count":0,"_bbp_total_reply_count":0,"_bbp_voice_count":0,"_bbp_anonymous_reply_count":0,"_bbp_topic_count_hidden":0,"_bbp_reply_count_hidden":0,"_bbp_forum_subforum_count":0,"footnotes":""},"categories":[10,11],"tags":[],"class_list":["post-5798","post","type-post","status-publish","format-standard","hentry","category-1r","category-2n"],"post_mailing_queue_ids":[],"_links":{"self":[{"href":"https:\/\/agora.xtec.cat\/ceipsantjordi-massanet\/wp-json\/wp\/v2\/posts\/5798","targetHints":{"allow":["GET"]}}],"collection":[{"href":"https:\/\/agora.xtec.cat\/ceipsantjordi-massanet\/wp-json\/wp\/v2\/posts"}],"about":[{"href":"https:\/\/agora.xtec.cat\/ceipsantjordi-massanet\/wp-json\/wp\/v2\/types\/post"}],"author":[{"embeddable":true,"href":"https:\/\/agora.xtec.cat\/ceipsantjordi-massanet\/wp-json\/wp\/v2\/users\/4"}],"replies":[{"embeddable":true,"href":"https:\/\/agora.xtec.cat\/ceipsantjordi-massanet\/wp-json\/wp\/v2\/comments?post=5798"}],"version-history":[{"count":2,"href":"https:\/\/agora.xtec.cat\/ceipsantjordi-massanet\/wp-json\/wp\/v2\/posts\/5798\/revisions"}],"predecessor-version":[{"id":5805,"href":"https:\/\/agora.xtec.cat\/ceipsantjordi-massanet\/wp-json\/wp\/v2\/posts\/5798\/revisions\/5805"}],"wp:attachment":[{"href":"https:\/\/agora.xtec.cat\/ceipsantjordi-massanet\/wp-json\/wp\/v2\/media?parent=5798"}],"wp:term":[{"taxonomy":"category","embeddable":true,"href":"https:\/\/agora.xtec.cat\/ceipsantjordi-massanet\/wp-json\/wp\/v2\/categories?post=5798"},{"taxonomy":"post_tag","embeddable":true,"href":"https:\/\/agora.xtec.cat\/ceipsantjordi-massanet\/wp-json\/wp\/v2\/tags?post=5798"}],"curies":[{"name":"wp","href":"https:\/\/api.w.org\/{rel}","templated":true}]}}