{"id":5604,"date":"2017-10-04T11:29:09","date_gmt":"2017-10-04T09:29:09","guid":{"rendered":"http:\/\/agora.xtec.cat\/ceipsantjordi-massanet\/?p=5604"},"modified":"2017-10-04T22:00:15","modified_gmt":"2017-10-04T20:00:15","slug":"canvi-al-menu-2","status":"publish","type":"post","link":"https:\/\/agora.xtec.cat\/ceipsantjordi-massanet\/portada\/canvi-al-menu-2\/","title":{"rendered":"MEN\u00da DEL MES"},"content":{"rendered":"<p style=\"text-align: center;\"><a href=\"http:\/\/www.selva.cat\/educacio\/menjador_menu.php\"><img loading=\"lazy\" decoding=\"async\" class=\"size-large aligncenter\" src=\"http:\/\/1.bp.blogspot.com\/-ZobqswR5lKQ\/VjOLRhHYy3I\/AAAAAAAAAXE\/A0xUXbwdlAE\/s1600\/menu_escolar.png\" width=\"406\" height=\"232\" \/>CLIQUEU AL DIBUIX I LLEGIU EL MEN\u00da D&#8217;AQUEST MES<\/a><\/p>\n<p style=\"text-align: center;\"><a href=\"http:\/\/www.selva.cat\/educacio\/menjador_menu.php\"> HEU DE BUSCAR L&#8217;ESCOLA SANT JORDI (Escola de Ma\u00e7anet \u00e9s l&#8217;escola nova)<\/a><\/p>\n<p>Us recordem que per manca de subministrament el men\u00fa del menjador d&#8217;avui dimecres\u00a0 4 ser\u00e0 el que hi havia previst per ahir dimarts 3. Aprofitem per adjuntar-vos l&#8217;enlla\u00e7 que permet tenir el men\u00fa del mes per si el perdeu. Hi ha consells interessants a la segona p\u00e0gina del men\u00fa. Quan surt la llista d&#8217;escoles us proposen (a la dreta de la p\u00e0gina) uns men\u00fas equilibrats per al sopar.<\/p>\n<p>M\u00c9S ENDAVANT LA TROBAREU A LA CATEGORIA &#8220;Documents&#8221; (quan ja no surti com a novetat).<\/p>\n<p>&nbsp;<\/p>\n","protected":false},"excerpt":{"rendered":"<p><a href=\"http:\/\/www.selva.cat\/educacio\/menjador_menu.php\">CLIQUEU AL DIBUIX I LLEGIU EL MEN\u00da D&#8217;AQUEST MES<\/a><br \/>\n<a href=\"http:\/\/www.selva.cat\/educacio\/menjador_menu.php\"> HEU DE BUSCAR L&#8217;ESCOLA SANT JORDI (Escola de Ma\u00e7anet \u00e9s l&#8217;escola nova)<\/a><br \/>\nUs recordem que per manca de subministrament el men\u00fa del menjador d&#8217;avui dimecres\u00a0 4 ser\u00e0 el que hi havia previst per ahir dimarts&hellip;  <a href=\"https:\/\/agora.xtec.cat\/ceipsantjordi-massanet\/portada\/canvi-al-menu-2\/\" title=\"Read MEN\u00da DEL MES\">Llegeix m\u00e9s\u00bb<\/a><\/p>\n","protected":false},"author":4,"featured_media":0,"comment_status":"open","ping_status":"closed","sticky":false,"template":"","format":"standard","meta":{"_bbp_topic_count":0,"_bbp_reply_count":0,"_bbp_total_topic_count":0,"_bbp_total_reply_count":0,"_bbp_voice_count":0,"_bbp_anonymous_reply_count":0,"_bbp_topic_count_hidden":0,"_bbp_reply_count_hidden":0,"_bbp_forum_subforum_count":0,"footnotes":""},"categories":[25,4],"tags":[],"class_list":["post-5604","post","type-post","status-publish","format-standard","hentry","category-documents","category-portada"],"post_mailing_queue_ids":[],"_links":{"self":[{"href":"https:\/\/agora.xtec.cat\/ceipsantjordi-massanet\/wp-json\/wp\/v2\/posts\/5604","targetHints":{"allow":["GET"]}}],"collection":[{"href":"https:\/\/agora.xtec.cat\/ceipsantjordi-massanet\/wp-json\/wp\/v2\/posts"}],"about":[{"href":"https:\/\/agora.xtec.cat\/ceipsantjordi-massanet\/wp-json\/wp\/v2\/types\/post"}],"author":[{"embeddable":true,"href":"https:\/\/agora.xtec.cat\/ceipsantjordi-massanet\/wp-json\/wp\/v2\/users\/4"}],"replies":[{"embeddable":true,"href":"https:\/\/agora.xtec.cat\/ceipsantjordi-massanet\/wp-json\/wp\/v2\/comments?post=5604"}],"version-history":[{"count":3,"href":"https:\/\/agora.xtec.cat\/ceipsantjordi-massanet\/wp-json\/wp\/v2\/posts\/5604\/revisions"}],"predecessor-version":[{"id":5612,"href":"https:\/\/agora.xtec.cat\/ceipsantjordi-massanet\/wp-json\/wp\/v2\/posts\/5604\/revisions\/5612"}],"wp:attachment":[{"href":"https:\/\/agora.xtec.cat\/ceipsantjordi-massanet\/wp-json\/wp\/v2\/media?parent=5604"}],"wp:term":[{"taxonomy":"category","embeddable":true,"href":"https:\/\/agora.xtec.cat\/ceipsantjordi-massanet\/wp-json\/wp\/v2\/categories?post=5604"},{"taxonomy":"post_tag","embeddable":true,"href":"https:\/\/agora.xtec.cat\/ceipsantjordi-massanet\/wp-json\/wp\/v2\/tags?post=5604"}],"curies":[{"name":"wp","href":"https:\/\/api.w.org\/{rel}","templated":true}]}}