{"id":5294,"date":"2017-05-23T12:15:30","date_gmt":"2017-05-23T10:15:30","guid":{"rendered":"http:\/\/agora.xtec.cat\/ceipsantjordi-massanet\/?p=5294"},"modified":"2017-05-23T12:21:55","modified_gmt":"2017-05-23T10:21:55","slug":"visita-a-a-bibioteca-de-4ta","status":"publish","type":"post","link":"https:\/\/agora.xtec.cat\/ceipsantjordi-massanet\/portada\/visita-a-a-bibioteca-de-4ta\/","title":{"rendered":"Visita a a bibioteca de 4tA"},"content":{"rendered":"<p>Els alumnes de 4t A hem anat aquest mat\u00ed a la biblioteca de Ma\u00e7anet. La T\u00e0nia ens ha preparat una gimcana per grups i ens ho hem passat d&#8217;all\u00f2 m\u00e9s b\u00e9 contestant i buscant informaci\u00f3 per tota la biblioteca.<\/p>\n<div>\n<p><iframe loading=\"lazy\" src=\"http:\/\/www.kizoa.com\/embed-115593853-3969006o1l1\" width=\"640\" height=\"480\" frameborder=\"0\" allowfullscreen=\"allowfullscreen\"><\/iframe><\/p>\n<\/div>\n","protected":false},"excerpt":{"rendered":"<p>Els alumnes de 4t A hem anat aquest mat\u00ed a la biblioteca de Ma\u00e7anet. La T\u00e0nia ens ha preparat una gimcana per grups i ens ho hem passat d&#8217;all\u00f2 m\u00e9s b\u00e9 contestant i buscant informaci\u00f3 per tota la biblioteca.<\/p>\n","protected":false},"author":4,"featured_media":0,"comment_status":"open","ping_status":"open","sticky":false,"template":"","format":"standard","meta":{"_bbp_topic_count":0,"_bbp_reply_count":0,"_bbp_total_topic_count":0,"_bbp_total_reply_count":0,"_bbp_voice_count":0,"_bbp_anonymous_reply_count":0,"_bbp_topic_count_hidden":0,"_bbp_reply_count_hidden":0,"_bbp_forum_subforum_count":0,"footnotes":""},"categories":[4,13],"tags":[],"class_list":["post-5294","post","type-post","status-publish","format-standard","hentry","category-portada","category-4t"],"post_mailing_queue_ids":[],"_links":{"self":[{"href":"https:\/\/agora.xtec.cat\/ceipsantjordi-massanet\/wp-json\/wp\/v2\/posts\/5294","targetHints":{"allow":["GET"]}}],"collection":[{"href":"https:\/\/agora.xtec.cat\/ceipsantjordi-massanet\/wp-json\/wp\/v2\/posts"}],"about":[{"href":"https:\/\/agora.xtec.cat\/ceipsantjordi-massanet\/wp-json\/wp\/v2\/types\/post"}],"author":[{"embeddable":true,"href":"https:\/\/agora.xtec.cat\/ceipsantjordi-massanet\/wp-json\/wp\/v2\/users\/4"}],"replies":[{"embeddable":true,"href":"https:\/\/agora.xtec.cat\/ceipsantjordi-massanet\/wp-json\/wp\/v2\/comments?post=5294"}],"version-history":[{"count":3,"href":"https:\/\/agora.xtec.cat\/ceipsantjordi-massanet\/wp-json\/wp\/v2\/posts\/5294\/revisions"}],"predecessor-version":[{"id":5298,"href":"https:\/\/agora.xtec.cat\/ceipsantjordi-massanet\/wp-json\/wp\/v2\/posts\/5294\/revisions\/5298"}],"wp:attachment":[{"href":"https:\/\/agora.xtec.cat\/ceipsantjordi-massanet\/wp-json\/wp\/v2\/media?parent=5294"}],"wp:term":[{"taxonomy":"category","embeddable":true,"href":"https:\/\/agora.xtec.cat\/ceipsantjordi-massanet\/wp-json\/wp\/v2\/categories?post=5294"},{"taxonomy":"post_tag","embeddable":true,"href":"https:\/\/agora.xtec.cat\/ceipsantjordi-massanet\/wp-json\/wp\/v2\/tags?post=5294"}],"curies":[{"name":"wp","href":"https:\/\/api.w.org\/{rel}","templated":true}]}}