{"id":4818,"date":"2017-02-28T13:38:30","date_gmt":"2017-02-28T12:38:30","guid":{"rendered":"http:\/\/agora.xtec.cat\/ceipsantjordi-massanet\/?p=4818"},"modified":"2017-03-01T10:45:02","modified_gmt":"2017-03-01T09:45:02","slug":"tv-girona-cercaviles","status":"publish","type":"post","link":"https:\/\/agora.xtec.cat\/ceipsantjordi-massanet\/portada\/tv-girona-cercaviles\/","title":{"rendered":"TV GIRONA: &#8220;CERCAVILES&#8221;"},"content":{"rendered":"<p>Dimecres a la tarda va venir TV Girona a gravar els nens\/es de segon pel programa Cercaviles que s&#8217;emetr\u00e0 el 19 d&#8217;abril. Entre tots i amb l&#8217;ajut del pare de la Mar, vam fer un mural amb la silueta de Ma\u00e7anet de la Selva.<\/p>\n<p>El programa consisteix en un concurs entre diferents pobles de la comarca per guanyar un premi al poble amb m\u00e9s encant. Per aix\u00f2 us demanem la vostra col\u00b7laboraci\u00f3 i voteu Ma\u00e7anet com a poble m\u00e9s aut\u00e8ntic de les maneres seg\u00fcents:<\/p>\n<ul style=\"list-style-type: circle;\">\n<li>Telf: 972212323<\/li>\n<li>Xarxes socials: Twitter i facebook<\/li>\n<li>Correu electr\u00f2nic: tvgirona@tvgirona.tv<\/li>\n<\/ul>\n<p>MOLTES GR\u00c0CIES!<\/p>\n<div><iframe loading=\"lazy\" src=\"http:\/\/www.kizoa.com\/embed-98455580-7380882o1l1\" width=\"1024\" height=\"640\" frameborder=\"0\" allowfullscreen=\"allowfullscreen\"><\/iframe><\/div>\n","protected":false},"excerpt":{"rendered":"<p>Dimecres a la tarda va venir TV Girona a gravar els nens\/es de segon pel programa Cercaviles que s&#8217;emetr\u00e0 el 19 d&#8217;abril. Entre tots i amb l&#8217;ajut del pare de la Mar, vam fer un mural amb la silueta de Ma\u00e7anet de la Selva.<br \/>\nEl programa&hellip;  <a href=\"https:\/\/agora.xtec.cat\/ceipsantjordi-massanet\/portada\/tv-girona-cercaviles\/\" title=\"Read TV GIRONA: &#8220;CERCAVILES&#8221;\">Llegeix m\u00e9s\u00bb<\/a><\/p>\n","protected":false},"author":4,"featured_media":4829,"comment_status":"open","ping_status":"open","sticky":false,"template":"","format":"standard","meta":{"_bbp_topic_count":0,"_bbp_reply_count":0,"_bbp_total_topic_count":0,"_bbp_total_reply_count":0,"_bbp_voice_count":0,"_bbp_anonymous_reply_count":0,"_bbp_topic_count_hidden":0,"_bbp_reply_count_hidden":0,"_bbp_forum_subforum_count":0,"footnotes":""},"categories":[4,11],"tags":[],"class_list":["post-4818","post","type-post","status-publish","format-standard","has-post-thumbnail","hentry","category-portada","category-2n"],"post_mailing_queue_ids":[],"_links":{"self":[{"href":"https:\/\/agora.xtec.cat\/ceipsantjordi-massanet\/wp-json\/wp\/v2\/posts\/4818","targetHints":{"allow":["GET"]}}],"collection":[{"href":"https:\/\/agora.xtec.cat\/ceipsantjordi-massanet\/wp-json\/wp\/v2\/posts"}],"about":[{"href":"https:\/\/agora.xtec.cat\/ceipsantjordi-massanet\/wp-json\/wp\/v2\/types\/post"}],"author":[{"embeddable":true,"href":"https:\/\/agora.xtec.cat\/ceipsantjordi-massanet\/wp-json\/wp\/v2\/users\/4"}],"replies":[{"embeddable":true,"href":"https:\/\/agora.xtec.cat\/ceipsantjordi-massanet\/wp-json\/wp\/v2\/comments?post=4818"}],"version-history":[{"count":3,"href":"https:\/\/agora.xtec.cat\/ceipsantjordi-massanet\/wp-json\/wp\/v2\/posts\/4818\/revisions"}],"predecessor-version":[{"id":4834,"href":"https:\/\/agora.xtec.cat\/ceipsantjordi-massanet\/wp-json\/wp\/v2\/posts\/4818\/revisions\/4834"}],"wp:featuredmedia":[{"embeddable":true,"href":"https:\/\/agora.xtec.cat\/ceipsantjordi-massanet\/wp-json\/wp\/v2\/media\/4829"}],"wp:attachment":[{"href":"https:\/\/agora.xtec.cat\/ceipsantjordi-massanet\/wp-json\/wp\/v2\/media?parent=4818"}],"wp:term":[{"taxonomy":"category","embeddable":true,"href":"https:\/\/agora.xtec.cat\/ceipsantjordi-massanet\/wp-json\/wp\/v2\/categories?post=4818"},{"taxonomy":"post_tag","embeddable":true,"href":"https:\/\/agora.xtec.cat\/ceipsantjordi-massanet\/wp-json\/wp\/v2\/tags?post=4818"}],"curies":[{"name":"wp","href":"https:\/\/api.w.org\/{rel}","templated":true}]}}