{"id":4401,"date":"2016-12-19T16:02:58","date_gmt":"2016-12-19T15:02:58","guid":{"rendered":"http:\/\/agora.xtec.cat\/ceipsantjordi-massanet\/?p=4401"},"modified":"2016-12-19T16:16:49","modified_gmt":"2016-12-19T15:16:49","slug":"dema-i-dema-passat-espectacle-musical-de-nadal","status":"publish","type":"post","link":"https:\/\/agora.xtec.cat\/ceipsantjordi-massanet\/general\/dema-i-dema-passat-espectacle-musical-de-nadal\/","title":{"rendered":"Dimarts i dimecres passat espectacle musical de Nadal"},"content":{"rendered":"<p><img loading=\"lazy\" decoding=\"async\" class=\"size-full wp-image-4402 alignleft\" src=\"http:\/\/agora.xtec.cat\/ceipsantjordi-massanet\/wp-content\/uploads\/usu391\/2016\/12\/pastorets.png\" alt=\"pastorets\" width=\"214\" height=\"132\" \/>Els personatges de l\u2019obra cl\u00e0ssica, pastors, \u00e0ngels i dimonis, es fondran amb una s\u00e8rie d\u2019actuacions musicals seleccionades a partir de la cantata de Carles Mesa i d&#8217;altres peces populars i modernes.<\/p>\n<p><strong>Recordeu que no es pot entrar a &#8220;La Societat&#8221; sense les entrades corresponents a cada sessi\u00f3 (codi de colors), l&#8217;aforament \u00e9s molt limitat.<\/strong><\/p>\n","protected":false},"excerpt":{"rendered":"<p>Els personatges de l\u2019obra cl\u00e0ssica, pastors, \u00e0ngels i dimonis, es fondran amb una s\u00e8rie d\u2019actuacions musicals seleccionades a partir de la cantata de Carles Mesa i d&#8217;altres peces populars i modernes.<br \/>\nRecordeu que no es pot entrar a &#8220;La Societat&#8221; sense les entrades corresponents a cada&hellip;  <a href=\"https:\/\/agora.xtec.cat\/ceipsantjordi-massanet\/general\/dema-i-dema-passat-espectacle-musical-de-nadal\/\" title=\"Read Dimarts i dimecres passat espectacle musical de Nadal\">Llegeix m\u00e9s\u00bb<\/a><\/p>\n","protected":false},"author":4,"featured_media":4402,"comment_status":"open","ping_status":"open","sticky":false,"template":"","format":"standard","meta":{"_bbp_topic_count":0,"_bbp_reply_count":0,"_bbp_total_topic_count":0,"_bbp_total_reply_count":0,"_bbp_voice_count":0,"_bbp_anonymous_reply_count":0,"_bbp_topic_count_hidden":0,"_bbp_reply_count_hidden":0,"_bbp_forum_subforum_count":0,"footnotes":""},"categories":[1,4],"tags":[],"class_list":["post-4401","post","type-post","status-publish","format-standard","has-post-thumbnail","hentry","category-general","category-portada"],"post_mailing_queue_ids":[],"_links":{"self":[{"href":"https:\/\/agora.xtec.cat\/ceipsantjordi-massanet\/wp-json\/wp\/v2\/posts\/4401","targetHints":{"allow":["GET"]}}],"collection":[{"href":"https:\/\/agora.xtec.cat\/ceipsantjordi-massanet\/wp-json\/wp\/v2\/posts"}],"about":[{"href":"https:\/\/agora.xtec.cat\/ceipsantjordi-massanet\/wp-json\/wp\/v2\/types\/post"}],"author":[{"embeddable":true,"href":"https:\/\/agora.xtec.cat\/ceipsantjordi-massanet\/wp-json\/wp\/v2\/users\/4"}],"replies":[{"embeddable":true,"href":"https:\/\/agora.xtec.cat\/ceipsantjordi-massanet\/wp-json\/wp\/v2\/comments?post=4401"}],"version-history":[{"count":3,"href":"https:\/\/agora.xtec.cat\/ceipsantjordi-massanet\/wp-json\/wp\/v2\/posts\/4401\/revisions"}],"predecessor-version":[{"id":4409,"href":"https:\/\/agora.xtec.cat\/ceipsantjordi-massanet\/wp-json\/wp\/v2\/posts\/4401\/revisions\/4409"}],"wp:featuredmedia":[{"embeddable":true,"href":"https:\/\/agora.xtec.cat\/ceipsantjordi-massanet\/wp-json\/wp\/v2\/media\/4402"}],"wp:attachment":[{"href":"https:\/\/agora.xtec.cat\/ceipsantjordi-massanet\/wp-json\/wp\/v2\/media?parent=4401"}],"wp:term":[{"taxonomy":"category","embeddable":true,"href":"https:\/\/agora.xtec.cat\/ceipsantjordi-massanet\/wp-json\/wp\/v2\/categories?post=4401"},{"taxonomy":"post_tag","embeddable":true,"href":"https:\/\/agora.xtec.cat\/ceipsantjordi-massanet\/wp-json\/wp\/v2\/tags?post=4401"}],"curies":[{"name":"wp","href":"https:\/\/api.w.org\/{rel}","templated":true}]}}