{"id":4335,"date":"2016-12-07T10:34:35","date_gmt":"2016-12-07T09:34:35","guid":{"rendered":"http:\/\/agora.xtec.cat\/ceipsantjordi-massanet\/?p=4335"},"modified":"2016-12-09T21:03:53","modified_gmt":"2016-12-09T20:03:53","slug":"avui-circuit-solidari-amb-la-marato-de-tv3","status":"publish","type":"post","link":"https:\/\/agora.xtec.cat\/ceipsantjordi-massanet\/general\/avui-circuit-solidari-amb-la-marato-de-tv3\/","title":{"rendered":"Avui circu\u00eft solidari amb La Marat\u00f3 de TV3"},"content":{"rendered":"<p><img loading=\"lazy\" decoding=\"async\" class=\"alignnone\" src=\"http:\/\/agora.xtec.cat\/iesjoanbrudieu\/wp-content\/uploads\/usu1248\/2016\/11\/logo_marato_tv3.gif\" width=\"449\" height=\"102\" \/><br \/>\nJa hem fet l&#8217;activitat solid\u00e0ria de La Marat\u00f3 que consisteix en un circu\u00eft. Ens ho hem passant molt b\u00e9 i hem recollit molts diners!<br \/>\n<iframe loading=\"lazy\" src=\"https:\/\/www.youtube.com\/embed\/J48BskI-_K4?rel=0\" width=\"560\" height=\"315\" frameborder=\"0\" allowfullscreen=\"allowfullscreen\"><\/iframe><\/p>\n<p>De passada us agra\u00efm tot el material de joguines, aliments i productes de neteja que heu aportat. Gr\u00e0cies per aquest novembre solidari!<\/p>\n<p><a href=\"https:\/\/drive.google.com\/file\/d\/0B2YKpsO9XZmMTHRlYzFLVm9FWXc\/view?usp=sharing\"><img loading=\"lazy\" decoding=\"async\" class=\"alignnone\" src=\"http:\/\/premsa.santcugat.cat\/wp-content\/uploads\/2012\/11\/bossa2.jpg\" width=\"307\" height=\"215\" \/><\/a><\/p>\n","protected":false},"excerpt":{"rendered":"<p>Ja hem fet l&#8217;activitat solid\u00e0ria de La Marat\u00f3 que consisteix en un circu\u00eft. Ens ho hem passant molt b\u00e9 i hem recollit molts diners!<\/p>\n<p>De passada us agra\u00efm tot el material de joguines, aliments i productes de neteja que heu aportat. Gr\u00e0cies per aquest novembre solidari!<br \/>\n<a&hellip;  <a href=\"https:\/\/agora.xtec.cat\/ceipsantjordi-massanet\/general\/avui-circuit-solidari-amb-la-marato-de-tv3\/\" title=\"Read Avui circu\u00eft solidari amb La Marat\u00f3 de TV3\">Llegeix m\u00e9s\u00bb<\/a><\/p>\n","protected":false},"author":4,"featured_media":4336,"comment_status":"open","ping_status":"open","sticky":false,"template":"","format":"standard","meta":{"_bbp_topic_count":0,"_bbp_reply_count":0,"_bbp_total_topic_count":0,"_bbp_total_reply_count":0,"_bbp_voice_count":0,"_bbp_anonymous_reply_count":0,"_bbp_topic_count_hidden":0,"_bbp_reply_count_hidden":0,"_bbp_forum_subforum_count":0,"footnotes":""},"categories":[1,4],"tags":[],"class_list":["post-4335","post","type-post","status-publish","format-standard","has-post-thumbnail","hentry","category-general","category-portada"],"post_mailing_queue_ids":[],"_links":{"self":[{"href":"https:\/\/agora.xtec.cat\/ceipsantjordi-massanet\/wp-json\/wp\/v2\/posts\/4335","targetHints":{"allow":["GET"]}}],"collection":[{"href":"https:\/\/agora.xtec.cat\/ceipsantjordi-massanet\/wp-json\/wp\/v2\/posts"}],"about":[{"href":"https:\/\/agora.xtec.cat\/ceipsantjordi-massanet\/wp-json\/wp\/v2\/types\/post"}],"author":[{"embeddable":true,"href":"https:\/\/agora.xtec.cat\/ceipsantjordi-massanet\/wp-json\/wp\/v2\/users\/4"}],"replies":[{"embeddable":true,"href":"https:\/\/agora.xtec.cat\/ceipsantjordi-massanet\/wp-json\/wp\/v2\/comments?post=4335"}],"version-history":[{"count":3,"href":"https:\/\/agora.xtec.cat\/ceipsantjordi-massanet\/wp-json\/wp\/v2\/posts\/4335\/revisions"}],"predecessor-version":[{"id":4353,"href":"https:\/\/agora.xtec.cat\/ceipsantjordi-massanet\/wp-json\/wp\/v2\/posts\/4335\/revisions\/4353"}],"wp:featuredmedia":[{"embeddable":true,"href":"https:\/\/agora.xtec.cat\/ceipsantjordi-massanet\/wp-json\/wp\/v2\/media\/4336"}],"wp:attachment":[{"href":"https:\/\/agora.xtec.cat\/ceipsantjordi-massanet\/wp-json\/wp\/v2\/media?parent=4335"}],"wp:term":[{"taxonomy":"category","embeddable":true,"href":"https:\/\/agora.xtec.cat\/ceipsantjordi-massanet\/wp-json\/wp\/v2\/categories?post=4335"},{"taxonomy":"post_tag","embeddable":true,"href":"https:\/\/agora.xtec.cat\/ceipsantjordi-massanet\/wp-json\/wp\/v2\/tags?post=4335"}],"curies":[{"name":"wp","href":"https:\/\/api.w.org\/{rel}","templated":true}]}}