{"id":4220,"date":"2016-11-25T00:01:32","date_gmt":"2016-11-24T23:01:32","guid":{"rendered":"http:\/\/agora.xtec.cat\/ceipsantjordi-massanet\/?p=4220"},"modified":"2016-11-27T09:19:09","modified_gmt":"2016-11-27T08:19:09","slug":"dia-internacional-de-la-no-violencia-contra-els-dones","status":"publish","type":"post","link":"https:\/\/agora.xtec.cat\/ceipsantjordi-massanet\/portada\/dia-internacional-de-la-no-violencia-contra-els-dones\/","title":{"rendered":"Dia internacional de la no viol\u00e8ncia contra els dones"},"content":{"rendered":"<p>&nbsp;<\/p>\n<p>Les dones de tot el m\u00f3n s\u00f3n objecte viol\u00e8ncia dom\u00e8stica i altres formes de viol\u00e8ncia, i sovint estan ocultes l\u2019escala i la veritable naturalesa de la q\u00fcesti\u00f3.<\/p>\n<p><img loading=\"lazy\" decoding=\"async\" class=\"alignleft\" src=\"http:\/\/www.vilanova.cat\/blog\/joanoliva\/wp-content\/uploads\/2009\/11\/000000162696.jpg\" width=\"162\" height=\"162\" \/><\/p>\n<p>El 1993 l\u2019Assemblea General de les Nacions Unides va definir la viol\u00e8ncia contra la dona\u201ccom tot acte de viol\u00e8ncia basat en el g\u00e8nere que t\u00e9 com a resultat possible o real un dany f\u00edsic, sexual o psicol\u00f2gic, incloses les amenaces, la coerci\u00f3 o la prohibici\u00f3 arbitr\u00e0ria de la llibertat, ja sigui que passi a la via p\u00fablica o en la via privada\u201d.<\/p>\n<table>\n<tbody>\n<tr>\n<td><img loading=\"lazy\" decoding=\"async\" class=\"wp-image-4224 aligncenter\" src=\"http:\/\/agora.xtec.cat\/ceipsantjordi-massanet\/wp-content\/uploads\/usu391\/2016\/11\/IMG-20161125-WA0001-1024x768.jpg\" alt=\"img-20161125-wa0001\" width=\"282\" height=\"211\" srcset=\"https:\/\/agora.xtec.cat\/ceipsantjordi-massanet\/wp-content\/uploads\/usu391\/2016\/11\/IMG-20161125-WA0001-1024x768.jpg 1024w, https:\/\/agora.xtec.cat\/ceipsantjordi-massanet\/wp-content\/uploads\/usu391\/2016\/11\/IMG-20161125-WA0001-300x225.jpg 300w, https:\/\/agora.xtec.cat\/ceipsantjordi-massanet\/wp-content\/uploads\/usu391\/2016\/11\/IMG-20161125-WA0001-768x576.jpg 768w, https:\/\/agora.xtec.cat\/ceipsantjordi-massanet\/wp-content\/uploads\/usu391\/2016\/11\/IMG-20161125-WA0001-200x150.jpg 200w, https:\/\/agora.xtec.cat\/ceipsantjordi-massanet\/wp-content\/uploads\/usu391\/2016\/11\/IMG-20161125-WA0001.jpg 1600w\" sizes=\"auto, (max-width: 282px) 100vw, 282px\" \/><\/p>\n<p><img loading=\"lazy\" decoding=\"async\" class=\"aligncenter wp-image-4234\" src=\"http:\/\/agora.xtec.cat\/ceipsantjordi-massanet\/wp-content\/uploads\/usu391\/2016\/11\/20161125_100835-1024x576.jpg\" alt=\"20161125_100835\" width=\"276\" height=\"155\" srcset=\"https:\/\/agora.xtec.cat\/ceipsantjordi-massanet\/wp-content\/uploads\/usu391\/2016\/11\/20161125_100835-1024x576.jpg 1024w, https:\/\/agora.xtec.cat\/ceipsantjordi-massanet\/wp-content\/uploads\/usu391\/2016\/11\/20161125_100835-300x169.jpg 300w, https:\/\/agora.xtec.cat\/ceipsantjordi-massanet\/wp-content\/uploads\/usu391\/2016\/11\/20161125_100835-768x432.jpg 768w\" sizes=\"auto, (max-width: 276px) 100vw, 276px\" \/><\/td>\n<td><img loading=\"lazy\" decoding=\"async\" class=\"aligncenter wp-image-4225\" src=\"http:\/\/agora.xtec.cat\/ceipsantjordi-massanet\/wp-content\/uploads\/usu391\/2016\/11\/IMG-20161125-WA0002-1024x768.jpg\" alt=\"img-20161125-wa0002\" width=\"252\" height=\"189\" srcset=\"https:\/\/agora.xtec.cat\/ceipsantjordi-massanet\/wp-content\/uploads\/usu391\/2016\/11\/IMG-20161125-WA0002-1024x768.jpg 1024w, https:\/\/agora.xtec.cat\/ceipsantjordi-massanet\/wp-content\/uploads\/usu391\/2016\/11\/IMG-20161125-WA0002-300x225.jpg 300w, https:\/\/agora.xtec.cat\/ceipsantjordi-massanet\/wp-content\/uploads\/usu391\/2016\/11\/IMG-20161125-WA0002-768x576.jpg 768w, https:\/\/agora.xtec.cat\/ceipsantjordi-massanet\/wp-content\/uploads\/usu391\/2016\/11\/IMG-20161125-WA0002-200x150.jpg 200w, https:\/\/agora.xtec.cat\/ceipsantjordi-massanet\/wp-content\/uploads\/usu391\/2016\/11\/IMG-20161125-WA0002.jpg 1600w\" sizes=\"auto, (max-width: 252px) 100vw, 252px\" \/><\/p>\n<p>&nbsp;<\/td>\n<\/tr>\n<\/tbody>\n<\/table>\n<p><strong><em>\u00a0\u00a0 (fotos de la penjada dels cartells que han fet els nens i les nenes de prim\u00e0ria)<\/em><\/strong><\/p>\n<table>\n<tbody>\n<tr>\n<td><img loading=\"lazy\" decoding=\"async\" class=\"aligncenter wp-image-4232\" src=\"http:\/\/agora.xtec.cat\/ceipsantjordi-massanet\/wp-content\/uploads\/usu391\/2016\/11\/IMG-20161125-WA0004-1024x576.jpg\" alt=\"img-20161125-wa0004\" width=\"298\" height=\"168\" srcset=\"https:\/\/agora.xtec.cat\/ceipsantjordi-massanet\/wp-content\/uploads\/usu391\/2016\/11\/IMG-20161125-WA0004-1024x576.jpg 1024w, https:\/\/agora.xtec.cat\/ceipsantjordi-massanet\/wp-content\/uploads\/usu391\/2016\/11\/IMG-20161125-WA0004-300x169.jpg 300w, https:\/\/agora.xtec.cat\/ceipsantjordi-massanet\/wp-content\/uploads\/usu391\/2016\/11\/IMG-20161125-WA0004-768x432.jpg 768w, https:\/\/agora.xtec.cat\/ceipsantjordi-massanet\/wp-content\/uploads\/usu391\/2016\/11\/IMG-20161125-WA0004.jpg 1600w\" sizes=\"auto, (max-width: 298px) 100vw, 298px\" \/><\/td>\n<td><img loading=\"lazy\" decoding=\"async\" class=\"aligncenter wp-image-4231\" src=\"http:\/\/agora.xtec.cat\/ceipsantjordi-massanet\/wp-content\/uploads\/usu391\/2016\/11\/IMG-20161125-WA0003-1024x768.jpg\" alt=\"img-20161125-wa0003\" width=\"232\" height=\"174\" srcset=\"https:\/\/agora.xtec.cat\/ceipsantjordi-massanet\/wp-content\/uploads\/usu391\/2016\/11\/IMG-20161125-WA0003-1024x768.jpg 1024w, https:\/\/agora.xtec.cat\/ceipsantjordi-massanet\/wp-content\/uploads\/usu391\/2016\/11\/IMG-20161125-WA0003-300x225.jpg 300w, https:\/\/agora.xtec.cat\/ceipsantjordi-massanet\/wp-content\/uploads\/usu391\/2016\/11\/IMG-20161125-WA0003-768x576.jpg 768w, https:\/\/agora.xtec.cat\/ceipsantjordi-massanet\/wp-content\/uploads\/usu391\/2016\/11\/IMG-20161125-WA0003-200x150.jpg 200w, https:\/\/agora.xtec.cat\/ceipsantjordi-massanet\/wp-content\/uploads\/usu391\/2016\/11\/IMG-20161125-WA0003.jpg 1600w\" sizes=\"auto, (max-width: 232px) 100vw, 232px\" \/><\/td>\n<\/tr>\n<\/tbody>\n<\/table>\n<p><strong><em>(representaci\u00f3 a &#8220;La Societat&#8221; i acte commemoratiu al Consell Cormarcal de la Selva)<\/em><\/strong><\/p>\n<p>Es va recon\u00e8ixer que era necess\u00e0ria una clara declaraci\u00f3 dels drets que s\u2019han d\u2019aplicar per assegurar l\u2019eliminaci\u00f3 de la viol\u00e8ncia contra la dona en totes les seves formes i un comprom\u00eds dels Estats en general per eliminar-la.<\/p>\n<p>Posteriorment, el 17 de desembre de 1999, va designar el 25 de novembre com el <strong>Dia Internacional de la No Viol\u00e8ncia contra la Dona<\/strong>, convidant a governs, organitzacions internacionals i organitzacions no governamentals a organitzar activitats adre\u00e7ades a sensibilitzar al p\u00fablic respecte del problema en aquest dia com una celebraci\u00f3 internacional.<\/p>\n","protected":false},"excerpt":{"rendered":"<p>&nbsp;<br \/>\nLes dones de tot el m\u00f3n s\u00f3n objecte viol\u00e8ncia dom\u00e8stica i altres formes de viol\u00e8ncia, i sovint estan ocultes l\u2019escala i la veritable naturalesa de la q\u00fcesti\u00f3.<\/p>\n<p>El 1993 l\u2019Assemblea General de les Nacions Unides va definir la viol\u00e8ncia contra la dona\u201ccom tot acte de viol\u00e8ncia&hellip;  <a href=\"https:\/\/agora.xtec.cat\/ceipsantjordi-massanet\/portada\/dia-internacional-de-la-no-violencia-contra-els-dones\/\" title=\"Read Dia internacional de la no viol\u00e8ncia contra els dones\">Llegeix m\u00e9s\u00bb<\/a><\/p>\n","protected":false},"author":4,"featured_media":4221,"comment_status":"open","ping_status":"open","sticky":false,"template":"","format":"standard","meta":{"_bbp_topic_count":0,"_bbp_reply_count":0,"_bbp_total_topic_count":0,"_bbp_total_reply_count":0,"_bbp_voice_count":0,"_bbp_anonymous_reply_count":0,"_bbp_topic_count_hidden":0,"_bbp_reply_count_hidden":0,"_bbp_forum_subforum_count":0,"footnotes":""},"categories":[4,28],"tags":[],"class_list":["post-4220","post","type-post","status-publish","format-standard","has-post-thumbnail","hentry","category-portada","category-unesco"],"post_mailing_queue_ids":[],"_links":{"self":[{"href":"https:\/\/agora.xtec.cat\/ceipsantjordi-massanet\/wp-json\/wp\/v2\/posts\/4220","targetHints":{"allow":["GET"]}}],"collection":[{"href":"https:\/\/agora.xtec.cat\/ceipsantjordi-massanet\/wp-json\/wp\/v2\/posts"}],"about":[{"href":"https:\/\/agora.xtec.cat\/ceipsantjordi-massanet\/wp-json\/wp\/v2\/types\/post"}],"author":[{"embeddable":true,"href":"https:\/\/agora.xtec.cat\/ceipsantjordi-massanet\/wp-json\/wp\/v2\/users\/4"}],"replies":[{"embeddable":true,"href":"https:\/\/agora.xtec.cat\/ceipsantjordi-massanet\/wp-json\/wp\/v2\/comments?post=4220"}],"version-history":[{"count":3,"href":"https:\/\/agora.xtec.cat\/ceipsantjordi-massanet\/wp-json\/wp\/v2\/posts\/4220\/revisions"}],"predecessor-version":[{"id":4256,"href":"https:\/\/agora.xtec.cat\/ceipsantjordi-massanet\/wp-json\/wp\/v2\/posts\/4220\/revisions\/4256"}],"wp:featuredmedia":[{"embeddable":true,"href":"https:\/\/agora.xtec.cat\/ceipsantjordi-massanet\/wp-json\/wp\/v2\/media\/4221"}],"wp:attachment":[{"href":"https:\/\/agora.xtec.cat\/ceipsantjordi-massanet\/wp-json\/wp\/v2\/media?parent=4220"}],"wp:term":[{"taxonomy":"category","embeddable":true,"href":"https:\/\/agora.xtec.cat\/ceipsantjordi-massanet\/wp-json\/wp\/v2\/categories?post=4220"},{"taxonomy":"post_tag","embeddable":true,"href":"https:\/\/agora.xtec.cat\/ceipsantjordi-massanet\/wp-json\/wp\/v2\/tags?post=4220"}],"curies":[{"name":"wp","href":"https:\/\/api.w.org\/{rel}","templated":true}]}}