{"id":4163,"date":"2016-11-21T22:00:18","date_gmt":"2016-11-21T21:00:18","guid":{"rendered":"http:\/\/agora.xtec.cat\/ceipsantjordi-massanet\/?p=4163"},"modified":"2016-11-21T22:03:53","modified_gmt":"2016-11-21T21:03:53","slug":"dia-dels-drets-dels-infants-2016","status":"publish","type":"post","link":"https:\/\/agora.xtec.cat\/ceipsantjordi-massanet\/portada\/dia-dels-drets-dels-infants-2016\/","title":{"rendered":"Dia dels Drets dels Infants 2016"},"content":{"rendered":"<p>A<a href=\"http:\/\/agora.xtec.cat\/ceipsantjordi-massanet\/wp-content\/uploads\/usu391\/2016\/11\/DRETS1.mp3\"><img loading=\"lazy\" decoding=\"async\" class=\"alignleft\" src=\"https:\/\/lh3.googleusercontent.com\/2M-ZU6kAL5KqhDHM5bCSdUZD_-MdpAqyBOaksjLghjhB3pgqzUaCwT0i5atiOGLdwW4=w300\" width=\"102\" height=\"102\" \/><\/a>questa \u00e9s la lectura dels drets que hem fet els nens i nenes de l&#8217;Escola Sant Jordi aquest curs. Aquesta setmana sonar\u00e0 la m\u00fasica als timbres del grup Kids United (<a href=\"https:\/\/www.youtube.com\/channel\/UCrUlt5TwS6OUD8xpC36EBvw\">clica<\/a> per anar a la seva llista al youtube) que van fer un disc per a la UNICEF amb can\u00e7ons que parlen dels drets dels infants i d&#8217;altres temes relacionats amb la just\u00edcia i la pau al m\u00f3n.<\/p>\n<p>&nbsp;<\/p>\n","protected":false},"excerpt":{"rendered":"<p>A<a href=\"http:\/\/agora.xtec.cat\/ceipsantjordi-massanet\/wp-content\/uploads\/usu391\/2016\/11\/DRETS1.mp3\"><\/a>questa \u00e9s la lectura dels drets que hem fet els nens i nenes de l&#8217;Escola Sant Jordi aquest curs. Aquesta setmana sonar\u00e0 la m\u00fasica als timbres del grup Kids United (<a href=\"https:\/\/www.youtube.com\/channel\/UCrUlt5TwS6OUD8xpC36EBvw\">clica<\/a> per anar a la seva llista al youtube) que van fer un&hellip;  <a href=\"https:\/\/agora.xtec.cat\/ceipsantjordi-massanet\/portada\/dia-dels-drets-dels-infants-2016\/\" title=\"Read Dia dels Drets dels Infants 2016\">Llegeix m\u00e9s\u00bb<\/a><\/p>\n","protected":false},"author":4,"featured_media":0,"comment_status":"open","ping_status":"open","sticky":false,"template":"","format":"standard","meta":{"_bbp_topic_count":0,"_bbp_reply_count":0,"_bbp_total_topic_count":0,"_bbp_total_reply_count":0,"_bbp_voice_count":0,"_bbp_anonymous_reply_count":0,"_bbp_topic_count_hidden":0,"_bbp_reply_count_hidden":0,"_bbp_forum_subforum_count":0,"footnotes":""},"categories":[4,28],"tags":[],"class_list":["post-4163","post","type-post","status-publish","format-standard","hentry","category-portada","category-unesco"],"post_mailing_queue_ids":[],"_links":{"self":[{"href":"https:\/\/agora.xtec.cat\/ceipsantjordi-massanet\/wp-json\/wp\/v2\/posts\/4163","targetHints":{"allow":["GET"]}}],"collection":[{"href":"https:\/\/agora.xtec.cat\/ceipsantjordi-massanet\/wp-json\/wp\/v2\/posts"}],"about":[{"href":"https:\/\/agora.xtec.cat\/ceipsantjordi-massanet\/wp-json\/wp\/v2\/types\/post"}],"author":[{"embeddable":true,"href":"https:\/\/agora.xtec.cat\/ceipsantjordi-massanet\/wp-json\/wp\/v2\/users\/4"}],"replies":[{"embeddable":true,"href":"https:\/\/agora.xtec.cat\/ceipsantjordi-massanet\/wp-json\/wp\/v2\/comments?post=4163"}],"version-history":[{"count":2,"href":"https:\/\/agora.xtec.cat\/ceipsantjordi-massanet\/wp-json\/wp\/v2\/posts\/4163\/revisions"}],"predecessor-version":[{"id":4166,"href":"https:\/\/agora.xtec.cat\/ceipsantjordi-massanet\/wp-json\/wp\/v2\/posts\/4163\/revisions\/4166"}],"wp:attachment":[{"href":"https:\/\/agora.xtec.cat\/ceipsantjordi-massanet\/wp-json\/wp\/v2\/media?parent=4163"}],"wp:term":[{"taxonomy":"category","embeddable":true,"href":"https:\/\/agora.xtec.cat\/ceipsantjordi-massanet\/wp-json\/wp\/v2\/categories?post=4163"},{"taxonomy":"post_tag","embeddable":true,"href":"https:\/\/agora.xtec.cat\/ceipsantjordi-massanet\/wp-json\/wp\/v2\/tags?post=4163"}],"curies":[{"name":"wp","href":"https:\/\/api.w.org\/{rel}","templated":true}]}}