{"id":4143,"date":"2016-11-14T12:24:15","date_gmt":"2016-11-14T11:24:15","guid":{"rendered":"http:\/\/agora.xtec.cat\/ceipsantjordi-massanet\/?p=4143"},"modified":"2016-11-21T22:05:18","modified_gmt":"2016-11-21T21:05:18","slug":"el-superbarber-de-sevilla","status":"publish","type":"post","link":"https:\/\/agora.xtec.cat\/ceipsantjordi-massanet\/portada\/el-superbarber-de-sevilla\/","title":{"rendered":"EL SUPERBARBER DE SEVILLA!"},"content":{"rendered":"<p>Els nens i les nenes de quart hem pogut gaudir d&#8217;aquest espectacle des de la primera fila del Gran Teatre del Liceu de Barcelona. La organitzaci\u00f3 ha estat fant\u00e0stica. Aprofitant el viatge hem fet una passejada per la Rambla de Barcelona i tamb\u00e9 pel Marem\u00e0gnum!<\/p>\n<div><iframe loading=\"lazy\" src=\"http:\/\/www.kizoa.com\/embed-77894232-3479039o1l1\" width=\"480\" height=\"360\" frameborder=\"0\" allowfullscreen=\"allowfullscreen\"><\/iframe><br \/>\n<i><\/i><\/div>\n","protected":false},"excerpt":{"rendered":"<p>Els nens i les nenes de quart hem pogut gaudir d&#8217;aquest espectacle des de la primera fila del Gran Teatre del Liceu de Barcelona. La organitzaci\u00f3 ha estat fant\u00e0stica. Aprofitant el viatge hem fet una passejada per la Rambla de Barcelona i tamb\u00e9 pel Marem\u00e0gnum!<\/p>\n","protected":false},"author":4,"featured_media":0,"comment_status":"open","ping_status":"open","sticky":false,"template":"","format":"standard","meta":{"_bbp_topic_count":0,"_bbp_reply_count":0,"_bbp_total_topic_count":0,"_bbp_total_reply_count":0,"_bbp_voice_count":0,"_bbp_anonymous_reply_count":0,"_bbp_topic_count_hidden":0,"_bbp_reply_count_hidden":0,"_bbp_forum_subforum_count":0,"footnotes":""},"categories":[4,13],"tags":[],"class_list":["post-4143","post","type-post","status-publish","format-standard","hentry","category-portada","category-4t"],"post_mailing_queue_ids":[],"_links":{"self":[{"href":"https:\/\/agora.xtec.cat\/ceipsantjordi-massanet\/wp-json\/wp\/v2\/posts\/4143","targetHints":{"allow":["GET"]}}],"collection":[{"href":"https:\/\/agora.xtec.cat\/ceipsantjordi-massanet\/wp-json\/wp\/v2\/posts"}],"about":[{"href":"https:\/\/agora.xtec.cat\/ceipsantjordi-massanet\/wp-json\/wp\/v2\/types\/post"}],"author":[{"embeddable":true,"href":"https:\/\/agora.xtec.cat\/ceipsantjordi-massanet\/wp-json\/wp\/v2\/users\/4"}],"replies":[{"embeddable":true,"href":"https:\/\/agora.xtec.cat\/ceipsantjordi-massanet\/wp-json\/wp\/v2\/comments?post=4143"}],"version-history":[{"count":2,"href":"https:\/\/agora.xtec.cat\/ceipsantjordi-massanet\/wp-json\/wp\/v2\/posts\/4143\/revisions"}],"predecessor-version":[{"id":4145,"href":"https:\/\/agora.xtec.cat\/ceipsantjordi-massanet\/wp-json\/wp\/v2\/posts\/4143\/revisions\/4145"}],"wp:attachment":[{"href":"https:\/\/agora.xtec.cat\/ceipsantjordi-massanet\/wp-json\/wp\/v2\/media?parent=4143"}],"wp:term":[{"taxonomy":"category","embeddable":true,"href":"https:\/\/agora.xtec.cat\/ceipsantjordi-massanet\/wp-json\/wp\/v2\/categories?post=4143"},{"taxonomy":"post_tag","embeddable":true,"href":"https:\/\/agora.xtec.cat\/ceipsantjordi-massanet\/wp-json\/wp\/v2\/tags?post=4143"}],"curies":[{"name":"wp","href":"https:\/\/api.w.org\/{rel}","templated":true}]}}