{"id":4015,"date":"2016-11-07T13:11:13","date_gmt":"2016-11-07T12:11:13","guid":{"rendered":"http:\/\/agora.xtec.cat\/ceipsantjordi-massanet\/?p=4015"},"modified":"2016-11-07T13:12:38","modified_gmt":"2016-11-07T12:12:38","slug":"decoracio-de-la-tardor-2","status":"publish","type":"post","link":"https:\/\/agora.xtec.cat\/ceipsantjordi-massanet\/portada\/decoracio-de-la-tardor-2\/","title":{"rendered":"Decoraci\u00f3 de la tardor"},"content":{"rendered":"<p>Aix\u00ed est\u00e0 quedant l&#8217;entrada de l&#8217;escola amb aquesta decoraci\u00f3 de la tardor. Gr\u00e0cies a tothom que hi ha participat!<img loading=\"lazy\" decoding=\"async\" class=\"aligncenter  wp-image-4017\" src=\"http:\/\/agora.xtec.cat\/ceipsantjordi-massanet\/wp-content\/uploads\/usu391\/2016\/11\/IMG_20161107_081831-1024x576.jpg\" alt=\"img_20161107_081831\" width=\"450\" height=\"253\" srcset=\"https:\/\/agora.xtec.cat\/ceipsantjordi-massanet\/wp-content\/uploads\/usu391\/2016\/11\/IMG_20161107_081831-1024x576.jpg 1024w, https:\/\/agora.xtec.cat\/ceipsantjordi-massanet\/wp-content\/uploads\/usu391\/2016\/11\/IMG_20161107_081831-300x169.jpg 300w, https:\/\/agora.xtec.cat\/ceipsantjordi-massanet\/wp-content\/uploads\/usu391\/2016\/11\/IMG_20161107_081831-768x432.jpg 768w\" sizes=\"auto, (max-width: 450px) 100vw, 450px\" \/><img loading=\"lazy\" decoding=\"async\" class=\"aligncenter  wp-image-4016\" src=\"http:\/\/agora.xtec.cat\/ceipsantjordi-massanet\/wp-content\/uploads\/usu391\/2016\/11\/IMG_20161107_081807-1024x576.jpg\" alt=\"img_20161107_081807\" width=\"448\" height=\"252\" srcset=\"https:\/\/agora.xtec.cat\/ceipsantjordi-massanet\/wp-content\/uploads\/usu391\/2016\/11\/IMG_20161107_081807-1024x576.jpg 1024w, https:\/\/agora.xtec.cat\/ceipsantjordi-massanet\/wp-content\/uploads\/usu391\/2016\/11\/IMG_20161107_081807-300x169.jpg 300w, https:\/\/agora.xtec.cat\/ceipsantjordi-massanet\/wp-content\/uploads\/usu391\/2016\/11\/IMG_20161107_081807-768x432.jpg 768w\" sizes=\"auto, (max-width: 448px) 100vw, 448px\" \/><\/p>\n","protected":false},"excerpt":{"rendered":"<p>Aix\u00ed est\u00e0 quedant l&#8217;entrada de l&#8217;escola amb aquesta decoraci\u00f3 de la tardor. Gr\u00e0cies a tothom que hi ha participat!<\/p>\n","protected":false},"author":4,"featured_media":4017,"comment_status":"open","ping_status":"open","sticky":false,"template":"","format":"standard","meta":{"_bbp_topic_count":0,"_bbp_reply_count":0,"_bbp_total_topic_count":0,"_bbp_total_reply_count":0,"_bbp_voice_count":0,"_bbp_anonymous_reply_count":0,"_bbp_topic_count_hidden":0,"_bbp_reply_count_hidden":0,"_bbp_forum_subforum_count":0,"footnotes":""},"categories":[4],"tags":[],"class_list":["post-4015","post","type-post","status-publish","format-standard","has-post-thumbnail","hentry","category-portada"],"post_mailing_queue_ids":[],"_links":{"self":[{"href":"https:\/\/agora.xtec.cat\/ceipsantjordi-massanet\/wp-json\/wp\/v2\/posts\/4015","targetHints":{"allow":["GET"]}}],"collection":[{"href":"https:\/\/agora.xtec.cat\/ceipsantjordi-massanet\/wp-json\/wp\/v2\/posts"}],"about":[{"href":"https:\/\/agora.xtec.cat\/ceipsantjordi-massanet\/wp-json\/wp\/v2\/types\/post"}],"author":[{"embeddable":true,"href":"https:\/\/agora.xtec.cat\/ceipsantjordi-massanet\/wp-json\/wp\/v2\/users\/4"}],"replies":[{"embeddable":true,"href":"https:\/\/agora.xtec.cat\/ceipsantjordi-massanet\/wp-json\/wp\/v2\/comments?post=4015"}],"version-history":[{"count":2,"href":"https:\/\/agora.xtec.cat\/ceipsantjordi-massanet\/wp-json\/wp\/v2\/posts\/4015\/revisions"}],"predecessor-version":[{"id":4021,"href":"https:\/\/agora.xtec.cat\/ceipsantjordi-massanet\/wp-json\/wp\/v2\/posts\/4015\/revisions\/4021"}],"wp:featuredmedia":[{"embeddable":true,"href":"https:\/\/agora.xtec.cat\/ceipsantjordi-massanet\/wp-json\/wp\/v2\/media\/4017"}],"wp:attachment":[{"href":"https:\/\/agora.xtec.cat\/ceipsantjordi-massanet\/wp-json\/wp\/v2\/media?parent=4015"}],"wp:term":[{"taxonomy":"category","embeddable":true,"href":"https:\/\/agora.xtec.cat\/ceipsantjordi-massanet\/wp-json\/wp\/v2\/categories?post=4015"},{"taxonomy":"post_tag","embeddable":true,"href":"https:\/\/agora.xtec.cat\/ceipsantjordi-massanet\/wp-json\/wp\/v2\/tags?post=4015"}],"curies":[{"name":"wp","href":"https:\/\/api.w.org\/{rel}","templated":true}]}}