{"id":3595,"date":"2016-09-22T14:12:19","date_gmt":"2016-09-22T12:12:19","guid":{"rendered":"http:\/\/agora.xtec.cat\/ceipsantjordi-massanet\/?p=3595"},"modified":"2016-09-25T14:17:44","modified_gmt":"2016-09-25T12:17:44","slug":"setmana-del-codi","status":"publish","type":"post","link":"https:\/\/agora.xtec.cat\/ceipsantjordi-massanet\/portada\/setmana-del-codi\/","title":{"rendered":"SETMANA DEL CODI"},"content":{"rendered":"<p><a href=\"http:\/\/learn.code.org\"><img loading=\"lazy\" decoding=\"async\" class=\"alignleft\" src=\"http:\/\/xtec.gencat.cat\/web\/.content\/centres\/celebracions\/2015\/codeweek\/codeweek.jpg\" width=\"160\" height=\"160\" \/><\/a>Aquest curs hem aprofitat la Setmana del Codi per fer el &#8220;bateig&#8221; en la programaci\u00f3 dels ordinadors, del treball de Pensament Computacional, amb els nens i nenes de primer. Ara ja estan donats d&#8217;alta a la web del CODI i poden accedir a fer activitats que se&#8217;ls corregeixen de manera autom\u00e0tica. Per fe-ho han de fer servir una de les claus d&#8217;acc\u00e9s en forma de personatge que els han tocat. Cliqueu el logotip per accedir a la p\u00e0gina del codi.<\/p>\n<p style=\"text-align: right;\"><strong> Benvinguts i benvigudes al codi!<\/strong><\/p>\n<p>&nbsp;<\/p>\n","protected":false},"excerpt":{"rendered":"<p><a href=\"http:\/\/learn.code.org\"><\/a>Aquest curs hem aprofitat la Setmana del Codi per fer el &#8220;bateig&#8221; en la programaci\u00f3 dels ordinadors, del treball de Pensament Computacional, amb els nens i nenes de primer. Ara ja estan donats d&#8217;alta a la web del CODI i poden accedir a fer&hellip;  <a href=\"https:\/\/agora.xtec.cat\/ceipsantjordi-massanet\/portada\/setmana-del-codi\/\" title=\"Read SETMANA DEL CODI\">Llegeix m\u00e9s\u00bb<\/a><\/p>\n","protected":false},"author":4,"featured_media":0,"comment_status":"open","ping_status":"open","sticky":false,"template":"","format":"standard","meta":{"_bbp_topic_count":0,"_bbp_reply_count":0,"_bbp_total_topic_count":0,"_bbp_total_reply_count":0,"_bbp_voice_count":0,"_bbp_anonymous_reply_count":0,"_bbp_topic_count_hidden":0,"_bbp_reply_count_hidden":0,"_bbp_forum_subforum_count":0,"footnotes":""},"categories":[4,10],"tags":[],"class_list":["post-3595","post","type-post","status-publish","format-standard","hentry","category-portada","category-1r"],"post_mailing_queue_ids":[],"_links":{"self":[{"href":"https:\/\/agora.xtec.cat\/ceipsantjordi-massanet\/wp-json\/wp\/v2\/posts\/3595","targetHints":{"allow":["GET"]}}],"collection":[{"href":"https:\/\/agora.xtec.cat\/ceipsantjordi-massanet\/wp-json\/wp\/v2\/posts"}],"about":[{"href":"https:\/\/agora.xtec.cat\/ceipsantjordi-massanet\/wp-json\/wp\/v2\/types\/post"}],"author":[{"embeddable":true,"href":"https:\/\/agora.xtec.cat\/ceipsantjordi-massanet\/wp-json\/wp\/v2\/users\/4"}],"replies":[{"embeddable":true,"href":"https:\/\/agora.xtec.cat\/ceipsantjordi-massanet\/wp-json\/wp\/v2\/comments?post=3595"}],"version-history":[{"count":3,"href":"https:\/\/agora.xtec.cat\/ceipsantjordi-massanet\/wp-json\/wp\/v2\/posts\/3595\/revisions"}],"predecessor-version":[{"id":3598,"href":"https:\/\/agora.xtec.cat\/ceipsantjordi-massanet\/wp-json\/wp\/v2\/posts\/3595\/revisions\/3598"}],"wp:attachment":[{"href":"https:\/\/agora.xtec.cat\/ceipsantjordi-massanet\/wp-json\/wp\/v2\/media?parent=3595"}],"wp:term":[{"taxonomy":"category","embeddable":true,"href":"https:\/\/agora.xtec.cat\/ceipsantjordi-massanet\/wp-json\/wp\/v2\/categories?post=3595"},{"taxonomy":"post_tag","embeddable":true,"href":"https:\/\/agora.xtec.cat\/ceipsantjordi-massanet\/wp-json\/wp\/v2\/tags?post=3595"}],"curies":[{"name":"wp","href":"https:\/\/api.w.org\/{rel}","templated":true}]}}