{"id":350,"date":"2015-06-11T00:30:37","date_gmt":"2015-06-10T23:30:37","guid":{"rendered":"http:\/\/agora.xtec.cat\/ceipsantjordi-massanet\/?p=350"},"modified":"2019-01-07T21:10:28","modified_gmt":"2019-01-07T20:10:28","slug":"arrossada-popular","status":"publish","type":"post","link":"https:\/\/agora.xtec.cat\/ceipsantjordi-massanet\/portada\/arrossada-popular\/","title":{"rendered":"Arrossada popular"},"content":{"rendered":"<p><a href=\"http:\/\/agora.xtec.cat\/ceipsantjordi-massanet\/wp-content\/uploads\/usu391\/2015\/06\/rros.jpg\"><img loading=\"lazy\" decoding=\"async\" class=\"wp-image-354 alignleft\" src=\"http:\/\/agora.xtec.cat\/ceipsantjordi-massanet\/wp-content\/uploads\/usu391\/2015\/06\/rros-300x199.jpg\" alt=\"rros\" width=\"319\" height=\"211\" srcset=\"https:\/\/agora.xtec.cat\/ceipsantjordi-massanet\/wp-content\/uploads\/usu391\/2015\/06\/rros-300x199.jpg 300w, https:\/\/agora.xtec.cat\/ceipsantjordi-massanet\/wp-content\/uploads\/usu391\/2015\/06\/rros.jpg 750w\" sizes=\"auto, (max-width: 319px) 100vw, 319px\" \/><\/a>DIMECRES DATA L\u00cdMIT PER ALS TIQUETS!!! Benvolgudes fam\u00edlies: El proper 19 de juny acabem aquest curs escolar. Enguany ho volem celebrar amb una arrossada popular al pati de l&#8217;escola. El preu del plat d&#8217;arr\u00f2s ser\u00e0 de<strong> 2 euros per cap<\/strong>. Podeu venir a comprar els tiquets a la consergeria de l&#8217;escola a partir del dia 5 i fins el 12 de juny. L&#8217;AMPA portar\u00e0 plats i gots de pl\u00e0stic per a qui en necessiti. Nom\u00e9s haureu de pensar en la resta de parament i les begudes i les postres. Us convidem a totes i a tots a venir a acomiadar aquest curs amb nosaltres<\/p>\n<p>Atentament,<\/p>\n<p>COMISSI\u00d3 GESTORA DE L&#8217;ESCOLA SANT JORDI<\/p>\n","protected":false},"excerpt":{"rendered":"<p>DIMECRES DATA L\u00cdMIT PER PODER COMPRAR TIQUETS!!! Arrossada de final de curs. Llegiu l&#8217;article per saber-ne m\u00e9s!&hellip;  <a href=\"https:\/\/agora.xtec.cat\/ceipsantjordi-massanet\/portada\/arrossada-popular\/\" title=\"Read Arrossada popular\">Llegeix m\u00e9s\u00bb<\/a><\/p>\n","protected":false},"author":4,"featured_media":354,"comment_status":"open","ping_status":"closed","sticky":false,"template":"","format":"standard","meta":{"_bbp_topic_count":0,"_bbp_reply_count":0,"_bbp_total_topic_count":0,"_bbp_total_reply_count":0,"_bbp_voice_count":0,"_bbp_anonymous_reply_count":0,"_bbp_topic_count_hidden":0,"_bbp_reply_count_hidden":0,"_bbp_forum_subforum_count":0,"footnotes":""},"categories":[7,83,4],"tags":[],"class_list":["post-350","post","type-post","status-publish","format-standard","has-post-thumbnail","hentry","category-ampa","category-festes","category-portada"],"post_mailing_queue_ids":[],"_links":{"self":[{"href":"https:\/\/agora.xtec.cat\/ceipsantjordi-massanet\/wp-json\/wp\/v2\/posts\/350","targetHints":{"allow":["GET"]}}],"collection":[{"href":"https:\/\/agora.xtec.cat\/ceipsantjordi-massanet\/wp-json\/wp\/v2\/posts"}],"about":[{"href":"https:\/\/agora.xtec.cat\/ceipsantjordi-massanet\/wp-json\/wp\/v2\/types\/post"}],"author":[{"embeddable":true,"href":"https:\/\/agora.xtec.cat\/ceipsantjordi-massanet\/wp-json\/wp\/v2\/users\/4"}],"replies":[{"embeddable":true,"href":"https:\/\/agora.xtec.cat\/ceipsantjordi-massanet\/wp-json\/wp\/v2\/comments?post=350"}],"version-history":[{"count":3,"href":"https:\/\/agora.xtec.cat\/ceipsantjordi-massanet\/wp-json\/wp\/v2\/posts\/350\/revisions"}],"predecessor-version":[{"id":727,"href":"https:\/\/agora.xtec.cat\/ceipsantjordi-massanet\/wp-json\/wp\/v2\/posts\/350\/revisions\/727"}],"wp:featuredmedia":[{"embeddable":true,"href":"https:\/\/agora.xtec.cat\/ceipsantjordi-massanet\/wp-json\/wp\/v2\/media\/354"}],"wp:attachment":[{"href":"https:\/\/agora.xtec.cat\/ceipsantjordi-massanet\/wp-json\/wp\/v2\/media?parent=350"}],"wp:term":[{"taxonomy":"category","embeddable":true,"href":"https:\/\/agora.xtec.cat\/ceipsantjordi-massanet\/wp-json\/wp\/v2\/categories?post=350"},{"taxonomy":"post_tag","embeddable":true,"href":"https:\/\/agora.xtec.cat\/ceipsantjordi-massanet\/wp-json\/wp\/v2\/tags?post=350"}],"curies":[{"name":"wp","href":"https:\/\/api.w.org\/{rel}","templated":true}]}}