{"id":3009,"date":"2016-05-25T11:08:31","date_gmt":"2016-05-25T09:08:31","guid":{"rendered":"http:\/\/agora.xtec.cat\/ceipsantjordi-massanet\/?p=3009"},"modified":"2016-05-25T11:30:13","modified_gmt":"2016-05-25T09:30:13","slug":"projecte","status":"publish","type":"post","link":"https:\/\/agora.xtec.cat\/ceipsantjordi-massanet\/portada\/projecte\/","title":{"rendered":"PROJECTE!"},"content":{"rendered":"<p><a href=\"http:\/\/agora.xtec.cat\/ceipsantjordi-massanet\/projecte-interdisciplinari-2016\/\"><img loading=\"lazy\" decoding=\"async\" class=\"  wp-image-2944 alignright\" src=\"http:\/\/agora.xtec.cat\/ceipsantjordi-massanet\/wp-content\/uploads\/usu391\/2016\/05\/Selecci\u00f3_001.png\" alt=\"Selecci\u00f3_001\" width=\"80\" height=\"102\" srcset=\"https:\/\/agora.xtec.cat\/ceipsantjordi-massanet\/wp-content\/uploads\/usu391\/2016\/05\/Selecci\u00f3_001.png 478w, https:\/\/agora.xtec.cat\/ceipsantjordi-massanet\/wp-content\/uploads\/usu391\/2016\/05\/Selecci\u00f3_001-236x300.png 236w\" sizes=\"auto, (max-width: 80px) 100vw, 80px\" \/><\/a>Aquesta \u00e9s la setmana del Projecte Interdisciplinari &#8220;Deixem Petjada&#8221;. Podeu accedir a les activitats que anem fent als requadres de la cap\u00e7alera &#8220;PROJECTE&#8221; o clicant al peu!<\/p>\n<p><strong>FEINA DEL DIA: Dimecres 25 de maig<\/strong><\/p>\n<p>Els nens i nenes de P3 hem anat a la granja de Can Boix, els de P4 hem treballat a la classe i P5 hem anat a jugar a tennis, els nens i nenes de primer hem anat a la llar de jubilats, els de segon a visitar el mercat, els de tercer a visitar el parc de bombers, els de quart a la biblioteca, els de cinqu\u00e8 i sis\u00e8 han seguit fent n\u00fameros!<\/p>\n<p><strong>FEINA DEL DIA: Dimarts 24 de maig<\/strong><br \/>\nUn altre dia molt enfeinat!<br \/>\nA infantil anem al camp de futbol i activitats de pissarra digital i visitem la pista i a la tarda patinatge. A inicial treballem sobre el mapa i fem el segon itinerari i seguim amb les visites a entitats. A Cicle Mitj\u00e0 anem a l&#8217;Escola de M\u00fasica i treballem el correu. A cinqu\u00e8 i sis\u00e8 seguim treballant en l&#8217;estudi de la poblaci\u00f3, processem m\u00e9s de 100 enquestes i fem gr\u00e0fiques i mapes&#8230;<\/p>\n<p><strong>LA FEINA DEL DIA: Dilluns 23 de maig<\/strong><\/p>\n<p>Avui ha vingut la Nat\u00e0lia, la Regidora, a Cicle Mitj\u00e0 a explicar l&#8217;Ajuntament, ha arribat la Ma\u00e7anetis a Infantil, A Superior hem conegut el becari Juli Newwork &#8211; pobret &#8211; &#8230; i a Cicle Inicial hem anat a fer una sortida pel poble. A segon hem conegut en Jordi Albert\u00ed que \u00e9s escriptor i editor.<\/p>\n<p>&nbsp;<\/p>\n","protected":false},"excerpt":{"rendered":"<p><a href=\"http:\/\/agora.xtec.cat\/ceipsantjordi-massanet\/projecte-interdisciplinari-2016\/\"><\/a>Aquesta \u00e9s la setmana del Projecte Interdisciplinari &#8220;Deixem Petjada&#8221;. Podeu accedir a les activitats que anem fent als requadres de la cap\u00e7alera &#8220;PROJECTE&#8221; o clicant al peu!<br \/>\nFEINA DEL DIA: Dimecres 25 de maig<br \/>\nEls nens i nenes de P3 hem anat a la granja de&hellip;  <a href=\"https:\/\/agora.xtec.cat\/ceipsantjordi-massanet\/portada\/projecte\/\" title=\"Read PROJECTE!\">Llegeix m\u00e9s\u00bb<\/a><\/p>\n","protected":false},"author":4,"featured_media":0,"comment_status":"open","ping_status":"open","sticky":false,"template":"","format":"standard","meta":{"_bbp_topic_count":0,"_bbp_reply_count":0,"_bbp_total_topic_count":0,"_bbp_total_reply_count":0,"_bbp_voice_count":0,"_bbp_anonymous_reply_count":0,"_bbp_topic_count_hidden":0,"_bbp_reply_count_hidden":0,"_bbp_forum_subforum_count":0,"footnotes":""},"categories":[4],"tags":[],"class_list":["post-3009","post","type-post","status-publish","format-standard","hentry","category-portada"],"post_mailing_queue_ids":[],"_links":{"self":[{"href":"https:\/\/agora.xtec.cat\/ceipsantjordi-massanet\/wp-json\/wp\/v2\/posts\/3009","targetHints":{"allow":["GET"]}}],"collection":[{"href":"https:\/\/agora.xtec.cat\/ceipsantjordi-massanet\/wp-json\/wp\/v2\/posts"}],"about":[{"href":"https:\/\/agora.xtec.cat\/ceipsantjordi-massanet\/wp-json\/wp\/v2\/types\/post"}],"author":[{"embeddable":true,"href":"https:\/\/agora.xtec.cat\/ceipsantjordi-massanet\/wp-json\/wp\/v2\/users\/4"}],"replies":[{"embeddable":true,"href":"https:\/\/agora.xtec.cat\/ceipsantjordi-massanet\/wp-json\/wp\/v2\/comments?post=3009"}],"version-history":[{"count":4,"href":"https:\/\/agora.xtec.cat\/ceipsantjordi-massanet\/wp-json\/wp\/v2\/posts\/3009\/revisions"}],"predecessor-version":[{"id":3206,"href":"https:\/\/agora.xtec.cat\/ceipsantjordi-massanet\/wp-json\/wp\/v2\/posts\/3009\/revisions\/3206"}],"wp:attachment":[{"href":"https:\/\/agora.xtec.cat\/ceipsantjordi-massanet\/wp-json\/wp\/v2\/media?parent=3009"}],"wp:term":[{"taxonomy":"category","embeddable":true,"href":"https:\/\/agora.xtec.cat\/ceipsantjordi-massanet\/wp-json\/wp\/v2\/categories?post=3009"},{"taxonomy":"post_tag","embeddable":true,"href":"https:\/\/agora.xtec.cat\/ceipsantjordi-massanet\/wp-json\/wp\/v2\/tags?post=3009"}],"curies":[{"name":"wp","href":"https:\/\/api.w.org\/{rel}","templated":true}]}}