{"id":2900,"date":"2016-05-17T17:32:36","date_gmt":"2016-05-17T15:32:36","guid":{"rendered":"http:\/\/agora.xtec.cat\/ceipsantjordi-massanet\/?p=2900"},"modified":"2016-05-18T18:49:31","modified_gmt":"2016-05-18T16:49:31","slug":"a-colonies-hem-anat-al-volca","status":"publish","type":"post","link":"https:\/\/agora.xtec.cat\/ceipsantjordi-massanet\/general\/a-colonies-hem-anat-al-volca\/","title":{"rendered":"A COL\u00d2NIES: HEM ANAT AL VOLC\u00c0!"},"content":{"rendered":"<table>\n<tbody>\n<tr>\n<td><a href=\"http:\/\/agora.xtec.cat\/ceipsantjordi-massanet\/wp-content\/uploads\/usu391\/2016\/05\/IMG-20160517-WA0001.jpg\"><img loading=\"lazy\" decoding=\"async\" class=\"  wp-image-2901 alignleft\" src=\"http:\/\/agora.xtec.cat\/ceipsantjordi-massanet\/wp-content\/uploads\/usu391\/2016\/05\/IMG-20160517-WA0001-768x1024.jpg\" alt=\"IMG-20160517-WA0001\" width=\"218\" height=\"290\" srcset=\"https:\/\/agora.xtec.cat\/ceipsantjordi-massanet\/wp-content\/uploads\/usu391\/2016\/05\/IMG-20160517-WA0001-768x1024.jpg 768w, https:\/\/agora.xtec.cat\/ceipsantjordi-massanet\/wp-content\/uploads\/usu391\/2016\/05\/IMG-20160517-WA0001-225x300.jpg 225w, https:\/\/agora.xtec.cat\/ceipsantjordi-massanet\/wp-content\/uploads\/usu391\/2016\/05\/IMG-20160517-WA0001.jpg 1200w\" sizes=\"auto, (max-width: 218px) 100vw, 218px\" \/><\/a><\/td>\n<td>\n<p style=\"text-align: center;\"><a href=\"http:\/\/agora.xtec.cat\/ceipsantjordi-massanet\/wp-content\/uploads\/usu391\/2016\/05\/IMG-20160517-WA0006.jpg\"><img loading=\"lazy\" decoding=\"async\" class=\"  wp-image-2912 alignleft\" src=\"http:\/\/agora.xtec.cat\/ceipsantjordi-massanet\/wp-content\/uploads\/usu391\/2016\/05\/IMG-20160517-WA0006-1024x768.jpg\" alt=\"IMG-20160517-WA0006\" width=\"400\" height=\"300\" srcset=\"https:\/\/agora.xtec.cat\/ceipsantjordi-massanet\/wp-content\/uploads\/usu391\/2016\/05\/IMG-20160517-WA0006-1024x768.jpg 1024w, https:\/\/agora.xtec.cat\/ceipsantjordi-massanet\/wp-content\/uploads\/usu391\/2016\/05\/IMG-20160517-WA0006-300x225.jpg 300w, https:\/\/agora.xtec.cat\/ceipsantjordi-massanet\/wp-content\/uploads\/usu391\/2016\/05\/IMG-20160517-WA0006-200x150.jpg 200w, https:\/\/agora.xtec.cat\/ceipsantjordi-massanet\/wp-content\/uploads\/usu391\/2016\/05\/IMG-20160517-WA0006.jpg 1600w\" sizes=\"auto, (max-width: 400px) 100vw, 400px\" \/><\/a><\/p>\n<\/td>\n<\/tr>\n<\/tbody>\n<\/table>\n<p>A la tarda els nens i les nenes de P5 hem anat al Volc\u00e0 de la Crosa i hi hem entrat a dins! Avui un bon dinar i una bona passejada. Hem tingut prou bon dia i aix\u00f2 s&#8217;agraeix. Ara a reposar una mica, que ja toca!I al vespre m\u00e9s activitat&#8230; SOPAR MEDIEVAL!<\/p>\n","protected":false},"excerpt":{"rendered":"<p><a href=\"http:\/\/agora.xtec.cat\/ceipsantjordi-massanet\/wp-content\/uploads\/usu391\/2016\/05\/IMG-20160517-WA0001.jpg\"><\/a><\/p>\n<p><a href=\"http:\/\/agora.xtec.cat\/ceipsantjordi-massanet\/wp-content\/uploads\/usu391\/2016\/05\/IMG-20160517-WA0006.jpg\"><\/a><\/p>\n<p>A la tarda els nens i les nenes de P5 hem anat al Volc\u00e0 de la Crosa i hi hem entrat a dins! Avui un bon dinar i una bona passejada. Hem tingut prou bon dia i aix\u00f2 s&#8217;agraeix. Ara a reposar una&hellip;  <a href=\"https:\/\/agora.xtec.cat\/ceipsantjordi-massanet\/general\/a-colonies-hem-anat-al-volca\/\" title=\"Read A COL\u00d2NIES: HEM ANAT AL VOLC\u00c0!\">Llegeix m\u00e9s\u00bb<\/a><\/p>\n","protected":false},"author":4,"featured_media":0,"comment_status":"open","ping_status":"open","sticky":false,"template":"","format":"standard","meta":{"_bbp_topic_count":0,"_bbp_reply_count":0,"_bbp_total_topic_count":0,"_bbp_total_reply_count":0,"_bbp_voice_count":0,"_bbp_anonymous_reply_count":0,"_bbp_topic_count_hidden":0,"_bbp_reply_count_hidden":0,"_bbp_forum_subforum_count":0,"footnotes":""},"categories":[1],"tags":[],"class_list":["post-2900","post","type-post","status-publish","format-standard","hentry","category-general"],"post_mailing_queue_ids":[],"_links":{"self":[{"href":"https:\/\/agora.xtec.cat\/ceipsantjordi-massanet\/wp-json\/wp\/v2\/posts\/2900","targetHints":{"allow":["GET"]}}],"collection":[{"href":"https:\/\/agora.xtec.cat\/ceipsantjordi-massanet\/wp-json\/wp\/v2\/posts"}],"about":[{"href":"https:\/\/agora.xtec.cat\/ceipsantjordi-massanet\/wp-json\/wp\/v2\/types\/post"}],"author":[{"embeddable":true,"href":"https:\/\/agora.xtec.cat\/ceipsantjordi-massanet\/wp-json\/wp\/v2\/users\/4"}],"replies":[{"embeddable":true,"href":"https:\/\/agora.xtec.cat\/ceipsantjordi-massanet\/wp-json\/wp\/v2\/comments?post=2900"}],"version-history":[{"count":4,"href":"https:\/\/agora.xtec.cat\/ceipsantjordi-massanet\/wp-json\/wp\/v2\/posts\/2900\/revisions"}],"predecessor-version":[{"id":2916,"href":"https:\/\/agora.xtec.cat\/ceipsantjordi-massanet\/wp-json\/wp\/v2\/posts\/2900\/revisions\/2916"}],"wp:attachment":[{"href":"https:\/\/agora.xtec.cat\/ceipsantjordi-massanet\/wp-json\/wp\/v2\/media?parent=2900"}],"wp:term":[{"taxonomy":"category","embeddable":true,"href":"https:\/\/agora.xtec.cat\/ceipsantjordi-massanet\/wp-json\/wp\/v2\/categories?post=2900"},{"taxonomy":"post_tag","embeddable":true,"href":"https:\/\/agora.xtec.cat\/ceipsantjordi-massanet\/wp-json\/wp\/v2\/tags?post=2900"}],"curies":[{"name":"wp","href":"https:\/\/api.w.org\/{rel}","templated":true}]}}