{"id":2725,"date":"2016-05-04T14:10:42","date_gmt":"2016-05-04T12:10:42","guid":{"rendered":"http:\/\/agora.xtec.cat\/ceipsantjordi-massanet\/?p=2725"},"modified":"2016-05-04T21:54:24","modified_gmt":"2016-05-04T19:54:24","slug":"competencies","status":"publish","type":"post","link":"https:\/\/agora.xtec.cat\/ceipsantjordi-massanet\/portada\/competencies\/","title":{"rendered":"COMPET\u00c8NCIES!"},"content":{"rendered":"<p><a href=\"https:\/\/drive.google.com\/a\/xtec.cat\/file\/d\/0ByxG-t-xjxZGejVETWs2V0Z3TzQ\/view\" target=\"_blank\"><img loading=\"lazy\" decoding=\"async\" class=\" alignnone\" src=\"http:\/\/csda.gencat.cat\/web\/sites\/csda\/.content\/home\/consell_superior_d_avalua\/arees_d_actuacio\/avaluacions-consell\/avaluacio-sise-primaria\/6primaria.jpg\" alt=\"\" width=\"731\" height=\"201\" \/><\/a><\/p>\n<p>Aquesta setmana fem les Proves de Compet\u00e8ncies B\u00e0siques. Comencem dimecres i acabem el dijous. Cliqueu el t\u00edtol de l&#8217;article i despr\u00e9s el logotip per anar a la resoluci\u00f3 que les justifica. S\u00f3n dies de molta feina!!!<\/p>\n<p>En concret, aquesta prova consisteix en una avaluaci\u00f3 externa, dissenyada per mesurar l&#8217;assoliment de compet\u00e8ncies i coneixements b\u00e0sics per part dels alumnes al final de l&#8217;etapa d&#8217;educaci\u00f3 prim\u00e0ria, que t\u00e9, fonamentalment, un objectiu formatiu i corrector, que ha de permetre millorar els resultats dels alumnes i afavorir-ne el pas a l&#8217;educaci\u00f3 secund\u00e0ria obligat\u00f2ria.<\/p>\n<p>Per tant, amb l&#8217;objectiu que la prova d&#8217;avaluaci\u00f3 de l&#8217;educaci\u00f3 prim\u00e0ria esdevingui un punt de refer\u00e8ncia en l&#8217;adopci\u00f3 de mesures i decisions de millora en l&#8217;educaci\u00f3, amb la voluntat d&#8217;augmentar la qualitat del sistema educatiu i els resultats dels aprenentatges dels alumnes, d&#8217;acord amb el Consell Superior d&#8217;Avaluaci\u00f3 del Sistema Educatiu i a proposta de la Secretaria de Pol\u00edtiques Educatives s&#8217;apliquen aquestes proves.<\/p>\n","protected":false},"excerpt":{"rendered":"<p><a href=\"https:\/\/drive.google.com\/a\/xtec.cat\/file\/d\/0ByxG-t-xjxZGejVETWs2V0Z3TzQ\/view\" target=\"_blank\"><\/a><br \/>\nAquesta setmana fem les Proves de Compet\u00e8ncies B\u00e0siques. Comencem dimecres i acabem el dijous. Cliqueu el t\u00edtol de l&#8217;article i despr\u00e9s el logotip per anar a la resoluci\u00f3 que les justifica. S\u00f3n dies de molta feina!!!<br \/>\nEn concret, aquesta prova consisteix en una avaluaci\u00f3&hellip;  <a href=\"https:\/\/agora.xtec.cat\/ceipsantjordi-massanet\/portada\/competencies\/\" title=\"Read COMPET\u00c8NCIES!\">Llegeix m\u00e9s\u00bb<\/a><\/p>\n","protected":false},"author":4,"featured_media":2741,"comment_status":"open","ping_status":"open","sticky":false,"template":"","format":"standard","meta":{"_bbp_topic_count":0,"_bbp_reply_count":0,"_bbp_total_topic_count":0,"_bbp_total_reply_count":0,"_bbp_voice_count":0,"_bbp_anonymous_reply_count":0,"_bbp_topic_count_hidden":0,"_bbp_reply_count_hidden":0,"_bbp_forum_subforum_count":0,"footnotes":""},"categories":[4],"tags":[],"class_list":["post-2725","post","type-post","status-publish","format-standard","has-post-thumbnail","hentry","category-portada"],"post_mailing_queue_ids":[],"_links":{"self":[{"href":"https:\/\/agora.xtec.cat\/ceipsantjordi-massanet\/wp-json\/wp\/v2\/posts\/2725","targetHints":{"allow":["GET"]}}],"collection":[{"href":"https:\/\/agora.xtec.cat\/ceipsantjordi-massanet\/wp-json\/wp\/v2\/posts"}],"about":[{"href":"https:\/\/agora.xtec.cat\/ceipsantjordi-massanet\/wp-json\/wp\/v2\/types\/post"}],"author":[{"embeddable":true,"href":"https:\/\/agora.xtec.cat\/ceipsantjordi-massanet\/wp-json\/wp\/v2\/users\/4"}],"replies":[{"embeddable":true,"href":"https:\/\/agora.xtec.cat\/ceipsantjordi-massanet\/wp-json\/wp\/v2\/comments?post=2725"}],"version-history":[{"count":4,"href":"https:\/\/agora.xtec.cat\/ceipsantjordi-massanet\/wp-json\/wp\/v2\/posts\/2725\/revisions"}],"predecessor-version":[{"id":2785,"href":"https:\/\/agora.xtec.cat\/ceipsantjordi-massanet\/wp-json\/wp\/v2\/posts\/2725\/revisions\/2785"}],"wp:featuredmedia":[{"embeddable":true,"href":"https:\/\/agora.xtec.cat\/ceipsantjordi-massanet\/wp-json\/wp\/v2\/media\/2741"}],"wp:attachment":[{"href":"https:\/\/agora.xtec.cat\/ceipsantjordi-massanet\/wp-json\/wp\/v2\/media?parent=2725"}],"wp:term":[{"taxonomy":"category","embeddable":true,"href":"https:\/\/agora.xtec.cat\/ceipsantjordi-massanet\/wp-json\/wp\/v2\/categories?post=2725"},{"taxonomy":"post_tag","embeddable":true,"href":"https:\/\/agora.xtec.cat\/ceipsantjordi-massanet\/wp-json\/wp\/v2\/tags?post=2725"}],"curies":[{"name":"wp","href":"https:\/\/api.w.org\/{rel}","templated":true}]}}