{"id":2563,"date":"2016-04-12T12:26:40","date_gmt":"2016-04-12T10:26:40","guid":{"rendered":"http:\/\/agora.xtec.cat\/ceipsantjordi-massanet\/?p=2563"},"modified":"2016-04-12T12:26:40","modified_gmt":"2016-04-12T10:26:40","slug":"cicle-mitja-a-la-biblioteca-municipal","status":"publish","type":"post","link":"https:\/\/agora.xtec.cat\/ceipsantjordi-massanet\/portada\/cicle-mitja-a-la-biblioteca-municipal\/","title":{"rendered":"Cicle Mitj\u00e0 a la Biblioteca Municipal"},"content":{"rendered":"<p><img loading=\"lazy\" decoding=\"async\" class=\" alignleft\" src=\"http:\/\/fotos02.diaridegirona.cat\/2014\/10\/26\/318x200\/DGR021SE001143344.jpg.jpg\" alt=\"\" width=\"274\" height=\"176\" \/>Aquesta setmana els nens i nenes de Cicle Mitj\u00e0 participen al projecte &#8220;Pr\u00e9stec de llibres en horari escolar&#8221;a la biblioteca. \u00a0Aprenem com \u00e9s la feina de portar una biblioteca i un servei de pr\u00e9stec, i que &#8220;un llibre mal endre\u00e7at \u00e9s un llibre perdut&#8221;!<\/p>\n","protected":false},"excerpt":{"rendered":"<p>Aquesta setmana els nens i nenes de Cicle Mitj\u00e0 participen al projecte &#8220;Pr\u00e9stec de llibres en horari escolar&#8221;a la biblioteca. \u00a0Aprenem com \u00e9s la feina de portar una biblioteca i un servei de pr\u00e9stec, i que &#8220;un llibre mal endre\u00e7at \u00e9s un llibre perdut&#8221;!<\/p>\n","protected":false},"author":4,"featured_media":0,"comment_status":"open","ping_status":"open","sticky":false,"template":"","format":"standard","meta":{"_bbp_topic_count":0,"_bbp_reply_count":0,"_bbp_total_topic_count":0,"_bbp_total_reply_count":0,"_bbp_voice_count":0,"_bbp_anonymous_reply_count":0,"_bbp_topic_count_hidden":0,"_bbp_reply_count_hidden":0,"_bbp_forum_subforum_count":0,"footnotes":""},"categories":[4,13,12],"tags":[],"class_list":["post-2563","post","type-post","status-publish","format-standard","hentry","category-portada","category-4t","category-3r"],"post_mailing_queue_ids":[],"_links":{"self":[{"href":"https:\/\/agora.xtec.cat\/ceipsantjordi-massanet\/wp-json\/wp\/v2\/posts\/2563","targetHints":{"allow":["GET"]}}],"collection":[{"href":"https:\/\/agora.xtec.cat\/ceipsantjordi-massanet\/wp-json\/wp\/v2\/posts"}],"about":[{"href":"https:\/\/agora.xtec.cat\/ceipsantjordi-massanet\/wp-json\/wp\/v2\/types\/post"}],"author":[{"embeddable":true,"href":"https:\/\/agora.xtec.cat\/ceipsantjordi-massanet\/wp-json\/wp\/v2\/users\/4"}],"replies":[{"embeddable":true,"href":"https:\/\/agora.xtec.cat\/ceipsantjordi-massanet\/wp-json\/wp\/v2\/comments?post=2563"}],"version-history":[{"count":1,"href":"https:\/\/agora.xtec.cat\/ceipsantjordi-massanet\/wp-json\/wp\/v2\/posts\/2563\/revisions"}],"predecessor-version":[{"id":2564,"href":"https:\/\/agora.xtec.cat\/ceipsantjordi-massanet\/wp-json\/wp\/v2\/posts\/2563\/revisions\/2564"}],"wp:attachment":[{"href":"https:\/\/agora.xtec.cat\/ceipsantjordi-massanet\/wp-json\/wp\/v2\/media?parent=2563"}],"wp:term":[{"taxonomy":"category","embeddable":true,"href":"https:\/\/agora.xtec.cat\/ceipsantjordi-massanet\/wp-json\/wp\/v2\/categories?post=2563"},{"taxonomy":"post_tag","embeddable":true,"href":"https:\/\/agora.xtec.cat\/ceipsantjordi-massanet\/wp-json\/wp\/v2\/tags?post=2563"}],"curies":[{"name":"wp","href":"https:\/\/api.w.org\/{rel}","templated":true}]}}