{"id":2313,"date":"2016-03-07T11:28:02","date_gmt":"2016-03-07T10:28:02","guid":{"rendered":"http:\/\/agora.xtec.cat\/ceipsantjordi-massanet\/?p=2313"},"modified":"2016-03-18T12:06:11","modified_gmt":"2016-03-18T11:06:11","slug":"refugiats-a-turquia-noticia-de-2n-a","status":"publish","type":"post","link":"https:\/\/agora.xtec.cat\/ceipsantjordi-massanet\/general\/refugiats-a-turquia-noticia-de-2n-a\/","title":{"rendered":"Refugiats a Turquia. Not\u00edcia de 2n A."},"content":{"rendered":"<p><a href=\"http:\/\/agora.xtec.cat\/ceipsantjordi-massanet\/wp-content\/uploads\/usu391\/2016\/03\/turquia.png\"><img loading=\"lazy\" decoding=\"async\" class=\"aligncenter size-full wp-image-2314\" src=\"http:\/\/agora.xtec.cat\/ceipsantjordi-massanet\/wp-content\/uploads\/usu391\/2016\/03\/turquia.png\" alt=\"turquia\" width=\"826\" height=\"786\" srcset=\"https:\/\/agora.xtec.cat\/ceipsantjordi-massanet\/wp-content\/uploads\/usu391\/2016\/03\/turquia.png 826w, https:\/\/agora.xtec.cat\/ceipsantjordi-massanet\/wp-content\/uploads\/usu391\/2016\/03\/turquia-300x285.png 300w\" sizes=\"auto, (max-width: 826px) 100vw, 826px\" \/><\/a><\/p>\n<p>Els nens i les nenes de segon A hem vist aquesta not\u00edcia al diari digital &#8220;La Vanguardia&#8221;. Ens han explicat el que volia dir i hem copiat aquestes l\u00ednies a sota la foto. Avui hem apr\u00e8s a escriure Turquia i tamb\u00e9 a posar les maj\u00fascules a Uni\u00f3 Europea.<\/p>\n","protected":false},"excerpt":{"rendered":"<p><a href=\"http:\/\/agora.xtec.cat\/ceipsantjordi-massanet\/wp-content\/uploads\/usu391\/2016\/03\/turquia.png\"><\/a><br \/>\nEls nens i les nenes de segon A hem vist aquesta not\u00edcia al diari digital &#8220;La Vanguardia&#8221;. Ens han explicat el que volia dir i hem copiat aquestes l\u00ednies a sota la foto. Avui hem apr\u00e8s a escriure Turquia i tamb\u00e9 a posar les&hellip;  <a href=\"https:\/\/agora.xtec.cat\/ceipsantjordi-massanet\/general\/refugiats-a-turquia-noticia-de-2n-a\/\" title=\"Read Refugiats a Turquia. Not\u00edcia de 2n A.\">Llegeix m\u00e9s\u00bb<\/a><\/p>\n","protected":false},"author":4,"featured_media":0,"comment_status":"open","ping_status":"open","sticky":false,"template":"","format":"standard","meta":{"_bbp_topic_count":0,"_bbp_reply_count":0,"_bbp_total_topic_count":0,"_bbp_total_reply_count":0,"_bbp_voice_count":0,"_bbp_anonymous_reply_count":0,"_bbp_topic_count_hidden":0,"_bbp_reply_count_hidden":0,"_bbp_forum_subforum_count":0,"footnotes":""},"categories":[1,11],"tags":[],"class_list":["post-2313","post","type-post","status-publish","format-standard","hentry","category-general","category-2n"],"post_mailing_queue_ids":[],"_links":{"self":[{"href":"https:\/\/agora.xtec.cat\/ceipsantjordi-massanet\/wp-json\/wp\/v2\/posts\/2313","targetHints":{"allow":["GET"]}}],"collection":[{"href":"https:\/\/agora.xtec.cat\/ceipsantjordi-massanet\/wp-json\/wp\/v2\/posts"}],"about":[{"href":"https:\/\/agora.xtec.cat\/ceipsantjordi-massanet\/wp-json\/wp\/v2\/types\/post"}],"author":[{"embeddable":true,"href":"https:\/\/agora.xtec.cat\/ceipsantjordi-massanet\/wp-json\/wp\/v2\/users\/4"}],"replies":[{"embeddable":true,"href":"https:\/\/agora.xtec.cat\/ceipsantjordi-massanet\/wp-json\/wp\/v2\/comments?post=2313"}],"version-history":[{"count":2,"href":"https:\/\/agora.xtec.cat\/ceipsantjordi-massanet\/wp-json\/wp\/v2\/posts\/2313\/revisions"}],"predecessor-version":[{"id":2330,"href":"https:\/\/agora.xtec.cat\/ceipsantjordi-massanet\/wp-json\/wp\/v2\/posts\/2313\/revisions\/2330"}],"wp:attachment":[{"href":"https:\/\/agora.xtec.cat\/ceipsantjordi-massanet\/wp-json\/wp\/v2\/media?parent=2313"}],"wp:term":[{"taxonomy":"category","embeddable":true,"href":"https:\/\/agora.xtec.cat\/ceipsantjordi-massanet\/wp-json\/wp\/v2\/categories?post=2313"},{"taxonomy":"post_tag","embeddable":true,"href":"https:\/\/agora.xtec.cat\/ceipsantjordi-massanet\/wp-json\/wp\/v2\/tags?post=2313"}],"curies":[{"name":"wp","href":"https:\/\/api.w.org\/{rel}","templated":true}]}}