{"id":2290,"date":"2016-03-08T12:25:34","date_gmt":"2016-03-08T11:25:34","guid":{"rendered":"http:\/\/agora.xtec.cat\/ceipsantjordi-massanet\/?p=2290"},"modified":"2016-03-08T13:34:19","modified_gmt":"2016-03-08T12:34:19","slug":"dia-de-la-dona-2016","status":"publish","type":"post","link":"https:\/\/agora.xtec.cat\/ceipsantjordi-massanet\/portada\/dia-de-la-dona-2016\/","title":{"rendered":"Dia de la Dona 2016"},"content":{"rendered":"<p style=\"text-align: left;\">Avui \u00e9s el Dia Internacional de la Dona. D&#8217;on ve aquesta celebraci\u00f3? (Font Wikip\u00e8dia)<\/p>\n<p style=\"text-align: left;\"><img loading=\"lazy\" decoding=\"async\" class=\" alignleft\" src=\"http:\/\/www.molletvalles.cat\/files\/88-6868-imatgeHome\/8demar%C3%A7_port.jpg\" alt=\"\" width=\"130\" height=\"118\" \/><\/p>\n<p style=\"text-align: left;\">En l&#8217;origen de la commemoraci\u00f3 del 8 de mar\u00e7 com a Dia Internacional de la Dona, tradicionalment s&#8217;han destacat diversos fets puntuals: la vaga de les obreres t\u00e8xtils nord-americanes de 1857, l&#8217;incendi de la f\u00e0brica Cotton o el de la <a title=\"Incendi de la f\u00e0brica Triangle\" href=\"https:\/\/ca.wikipedia.org\/wiki\/Incendi_de_la_f%C3%A0brica_Triangle\">Triangle Shirtwaist Company<\/a>, de <a title=\"Nova York\" href=\"https:\/\/ca.wikipedia.org\/wiki\/Nova_York\">Nova York<\/a>, el dia 25 de mar\u00e7 de 1911 (ind\u00fastria t\u00e8xtil on treballaven cinc-centes persones, en la seva gran majoria dones immigrants joves). En aquest darrer incident van morir 142 obreres que l&#8217;any anterior havien mantingut una important vaga per demanar millors condicions laborals.<sup id=\"cite_ref-ICDweb_1-1\" class=\"reference\"><a href=\"https:\/\/ca.wikipedia.org\/wiki\/Dia_internacional_de_les_dones#cite_note-ICDweb-1\">[1]<\/a><\/sup><\/p>\n<figure class=\"figure wp-caption aligncenter\"><a href=\"http:\/\/agora.xtec.cat\/ceipsantjordi-massanet\/wp-content\/uploads\/usu391\/2016\/03\/IMG_3359.jpg\"><img loading=\"lazy\" decoding=\"async\" class=\"  wp-image-2294\" src=\"http:\/\/agora.xtec.cat\/ceipsantjordi-massanet\/wp-content\/uploads\/usu391\/2016\/03\/IMG_3359-1024x765.jpg\" alt=\"IMG_3359\" width=\"487\" height=\"364\" srcset=\"https:\/\/agora.xtec.cat\/ceipsantjordi-massanet\/wp-content\/uploads\/usu391\/2016\/03\/IMG_3359-1024x765.jpg 1024w, https:\/\/agora.xtec.cat\/ceipsantjordi-massanet\/wp-content\/uploads\/usu391\/2016\/03\/IMG_3359-300x224.jpg 300w, https:\/\/agora.xtec.cat\/ceipsantjordi-massanet\/wp-content\/uploads\/usu391\/2016\/03\/IMG_3359-200x150.jpg 200w\" sizes=\"auto, (max-width: 487px) 100vw, 487px\" \/><\/a><figcaption class=\"wp-caption-text\">Commemoraci\u00f3 al pati de l&#8217;escola<\/figcaption><\/figure>\n<p style=\"text-align: left;\">Ja que les dones contribu\u00efen amb el seu <a title=\"Treball (economia)\" href=\"https:\/\/ca.wikipedia.org\/wiki\/Treball_%28economia%29\">treball<\/a> -tant el remunerat com el dom\u00e8stic- al creixement de l&#8217;economia dels seus respectius pa\u00efsos, volien tenir el dret a participar en l&#8217;\u00e0mbit p\u00fablic. Aquesta participaci\u00f3 se centr\u00e0, durant unes d\u00e8cades, en la reivindicaci\u00f3 del dret de vot per a les dones, l&#8217;altre gran eix que conflueix en la celebraci\u00f3 d&#8217;aquest dia.<sup id=\"cite_ref-ICDweb_1-2\" class=\"reference\"><a href=\"https:\/\/ca.wikipedia.org\/wiki\/Dia_internacional_de_les_dones#cite_note-ICDweb-1\">[1]\u00a0 <\/a><\/sup><\/p>\n<p style=\"text-align: left;\">La primera declaraci\u00f3 program\u00e0tica reivindicant el <a class=\"mw-redirect\" title=\"Dret de vot\" href=\"https:\/\/ca.wikipedia.org\/wiki\/Dret_de_vot\">dret de vot<\/a>, la van fer les dones nord-americanes, el <a title=\"1848\" href=\"https:\/\/ca.wikipedia.org\/wiki\/1848\">1848<\/a>, reunides a <a title=\"Seneca Falls\" href=\"https:\/\/ca.wikipedia.org\/wiki\/Seneca_Falls\">Seneca Falls<\/a>. Anys despr\u00e9s, les sufragistes angleses van fer de la reivindicaci\u00f3 del dret de vot per a les dones l&#8217;eix central de les mobilitzacions. Les seves accions i les seves idees van traspassar fronteres i van tenir repercussions en altres pa\u00efsos.<sup id=\"cite_ref-ICDweb_1-3\" class=\"reference\"><a href=\"https:\/\/ca.wikipedia.org\/wiki\/Dia_internacional_de_les_dones#cite_note-ICDweb-1\">[1]<\/a><\/sup><\/p>\n<p style=\"text-align: left;\"><a href=\"http:\/\/agora.xtec.cat\/ceipsantjordi-massanet\/wp-content\/uploads\/usu391\/2016\/03\/IMG_3352.jpg\"><img loading=\"lazy\" decoding=\"async\" class=\"  wp-image-2299 alignnone\" src=\"http:\/\/agora.xtec.cat\/ceipsantjordi-massanet\/wp-content\/uploads\/usu391\/2016\/03\/IMG_3352-1024x765.jpg\" alt=\"IMG_3352\" width=\"495\" height=\"370\" srcset=\"https:\/\/agora.xtec.cat\/ceipsantjordi-massanet\/wp-content\/uploads\/usu391\/2016\/03\/IMG_3352-1024x765.jpg 1024w, https:\/\/agora.xtec.cat\/ceipsantjordi-massanet\/wp-content\/uploads\/usu391\/2016\/03\/IMG_3352-300x224.jpg 300w, https:\/\/agora.xtec.cat\/ceipsantjordi-massanet\/wp-content\/uploads\/usu391\/2016\/03\/IMG_3352-200x150.jpg 200w\" sizes=\"auto, (max-width: 495px) 100vw, 495px\" \/><\/a><\/p>\n<p style=\"text-align: left;\">En l&#8217;origen de la commemoraci\u00f3 del 8 de mar\u00e7 com a Dia Internacional de la Dona, tradicionalment s&#8217;han destacat diversos fets puntuals: la vaga de les obreres t\u00e8xtils nord-americanes de 1857, l&#8217;incendi de la f\u00e0brica Cotton o el de la <a title=\"Incendi de la f\u00e0brica Triangle\" href=\"https:\/\/ca.wikipedia.org\/wiki\/Incendi_de_la_f%C3%A0brica_Triangle\">Triangle Shirtwaist Company<\/a>, de <a title=\"Nova York\" href=\"https:\/\/ca.wikipedia.org\/wiki\/Nova_York\">Nova York<\/a>, el dia 25 de mar\u00e7 de 1911 (ind\u00fastria t\u00e8xtil on treballaven cinc-centes persones, en la seva gran majoria dones immigrants joves). En aquest darrer incident van morir 142 obreres que l&#8217;any anterior havien mantingut una important vaga per demanar millors condicions laborals.<sup id=\"cite_ref-ICDweb_1-1\" class=\"reference\"><a href=\"https:\/\/ca.wikipedia.org\/wiki\/Dia_internacional_de_les_dones#cite_note-ICDweb-1\">[1]<\/a><\/sup><\/p>\n","protected":false},"excerpt":{"rendered":"<p>Avui \u00e9s el Dia Internacional de la Dona. D&#8217;on ve aquesta celebraci\u00f3? (Font Wikip\u00e8dia)<\/p>\n<p>En l&#8217;origen de la commemoraci\u00f3 del 8 de mar\u00e7 com a Dia Internacional de la Dona, tradicionalment s&#8217;han destacat diversos fets puntuals: la vaga de les obreres t\u00e8xtils nord-americanes de 1857, l&#8217;incendi&hellip;  <a href=\"https:\/\/agora.xtec.cat\/ceipsantjordi-massanet\/portada\/dia-de-la-dona-2016\/\" title=\"Read Dia de la Dona 2016\">Llegeix m\u00e9s\u00bb<\/a><\/p>\n","protected":false},"author":4,"featured_media":2294,"comment_status":"open","ping_status":"open","sticky":false,"template":"","format":"standard","meta":{"_bbp_topic_count":0,"_bbp_reply_count":0,"_bbp_total_topic_count":0,"_bbp_total_reply_count":0,"_bbp_voice_count":0,"_bbp_anonymous_reply_count":0,"_bbp_topic_count_hidden":0,"_bbp_reply_count_hidden":0,"_bbp_forum_subforum_count":0,"footnotes":""},"categories":[4],"tags":[],"class_list":["post-2290","post","type-post","status-publish","format-standard","has-post-thumbnail","hentry","category-portada"],"post_mailing_queue_ids":[],"_links":{"self":[{"href":"https:\/\/agora.xtec.cat\/ceipsantjordi-massanet\/wp-json\/wp\/v2\/posts\/2290","targetHints":{"allow":["GET"]}}],"collection":[{"href":"https:\/\/agora.xtec.cat\/ceipsantjordi-massanet\/wp-json\/wp\/v2\/posts"}],"about":[{"href":"https:\/\/agora.xtec.cat\/ceipsantjordi-massanet\/wp-json\/wp\/v2\/types\/post"}],"author":[{"embeddable":true,"href":"https:\/\/agora.xtec.cat\/ceipsantjordi-massanet\/wp-json\/wp\/v2\/users\/4"}],"replies":[{"embeddable":true,"href":"https:\/\/agora.xtec.cat\/ceipsantjordi-massanet\/wp-json\/wp\/v2\/comments?post=2290"}],"version-history":[{"count":3,"href":"https:\/\/agora.xtec.cat\/ceipsantjordi-massanet\/wp-json\/wp\/v2\/posts\/2290\/revisions"}],"predecessor-version":[{"id":2350,"href":"https:\/\/agora.xtec.cat\/ceipsantjordi-massanet\/wp-json\/wp\/v2\/posts\/2290\/revisions\/2350"}],"wp:featuredmedia":[{"embeddable":true,"href":"https:\/\/agora.xtec.cat\/ceipsantjordi-massanet\/wp-json\/wp\/v2\/media\/2294"}],"wp:attachment":[{"href":"https:\/\/agora.xtec.cat\/ceipsantjordi-massanet\/wp-json\/wp\/v2\/media?parent=2290"}],"wp:term":[{"taxonomy":"category","embeddable":true,"href":"https:\/\/agora.xtec.cat\/ceipsantjordi-massanet\/wp-json\/wp\/v2\/categories?post=2290"},{"taxonomy":"post_tag","embeddable":true,"href":"https:\/\/agora.xtec.cat\/ceipsantjordi-massanet\/wp-json\/wp\/v2\/tags?post=2290"}],"curies":[{"name":"wp","href":"https:\/\/api.w.org\/{rel}","templated":true}]}}