{"id":2264,"date":"2016-03-07T15:12:25","date_gmt":"2016-03-07T14:12:25","guid":{"rendered":"http:\/\/agora.xtec.cat\/ceipsantjordi-massanet\/?p=2264"},"modified":"2019-01-16T20:59:41","modified_gmt":"2019-01-16T19:59:41","slug":"trobada-de-corals-de-la-comarca-de-la-selva","status":"publish","type":"post","link":"https:\/\/agora.xtec.cat\/ceipsantjordi-massanet\/portada\/trobada-de-corals-de-la-comarca-de-la-selva\/","title":{"rendered":"Trobada de Corals"},"content":{"rendered":"<p><iframe loading=\"lazy\" src=\"https:\/\/www.youtube.com\/embed\/0sEv9P4Ai5o?rel=0&amp;controls=0&amp;showinfo=0\" width=\"800\" height=\"600\" frameborder=\"0\" allowfullscreen=\"allowfullscreen\"><\/iframe><\/p>\n<p><iframe loading=\"lazy\" src=\"https:\/\/www.youtube.com\/embed\/8ALF_-bKXuA\" width=\"800\" height=\"600\" frameborder=\"0\" allowfullscreen=\"allowfullscreen\"><\/iframe><\/p>\n<p>Avui hem participat a la Trobada de Corals. Hem cantat les dues can\u00e7ons que hav\u00edem assajat individualment i les tres que hem apr\u00e8s per cantar amb la resta de companys i companyes de les altres escoles de la comarca. La nostra actuaci\u00f3 ha estat d&#8217;un gran nivell, ho hem de destacar perqu\u00e8 l&#8217;hem preparat amb poc temps. Hem compatit escenari amb la resta de corals que tamb\u00e9 ho han fet molt b\u00e9. Tot aix\u00f2 fa que hagi estat un gran dia!<\/p>\n","protected":false},"excerpt":{"rendered":"<p>Avui hem participat a la Trobada de Corals. Hem cantat les dues can\u00e7ons que hav\u00edem assajat individualment i les tres que hem apr\u00e8s per cantar amb la resta de companys i companyes de les altres escoles de la comarca. La nostra actuaci\u00f3 ha estat d&#8217;un&hellip;  <a href=\"https:\/\/agora.xtec.cat\/ceipsantjordi-massanet\/portada\/trobada-de-corals-de-la-comarca-de-la-selva\/\" title=\"Read Trobada de Corals\">Llegeix m\u00e9s\u00bb<\/a><\/p>\n","protected":false},"author":4,"featured_media":2329,"comment_status":"open","ping_status":"closed","sticky":false,"template":"","format":"standard","meta":{"_bbp_topic_count":0,"_bbp_reply_count":0,"_bbp_total_topic_count":0,"_bbp_total_reply_count":0,"_bbp_voice_count":0,"_bbp_anonymous_reply_count":0,"_bbp_topic_count_hidden":0,"_bbp_reply_count_hidden":0,"_bbp_forum_subforum_count":0,"footnotes":""},"categories":[27,4,13],"tags":[],"class_list":["post-2264","post","type-post","status-publish","format-standard","has-post-thumbnail","hentry","category-musica","category-portada","category-4t"],"post_mailing_queue_ids":[],"_links":{"self":[{"href":"https:\/\/agora.xtec.cat\/ceipsantjordi-massanet\/wp-json\/wp\/v2\/posts\/2264","targetHints":{"allow":["GET"]}}],"collection":[{"href":"https:\/\/agora.xtec.cat\/ceipsantjordi-massanet\/wp-json\/wp\/v2\/posts"}],"about":[{"href":"https:\/\/agora.xtec.cat\/ceipsantjordi-massanet\/wp-json\/wp\/v2\/types\/post"}],"author":[{"embeddable":true,"href":"https:\/\/agora.xtec.cat\/ceipsantjordi-massanet\/wp-json\/wp\/v2\/users\/4"}],"replies":[{"embeddable":true,"href":"https:\/\/agora.xtec.cat\/ceipsantjordi-massanet\/wp-json\/wp\/v2\/comments?post=2264"}],"version-history":[{"count":3,"href":"https:\/\/agora.xtec.cat\/ceipsantjordi-massanet\/wp-json\/wp\/v2\/posts\/2264\/revisions"}],"predecessor-version":[{"id":9947,"href":"https:\/\/agora.xtec.cat\/ceipsantjordi-massanet\/wp-json\/wp\/v2\/posts\/2264\/revisions\/9947"}],"wp:featuredmedia":[{"embeddable":true,"href":"https:\/\/agora.xtec.cat\/ceipsantjordi-massanet\/wp-json\/wp\/v2\/media\/2329"}],"wp:attachment":[{"href":"https:\/\/agora.xtec.cat\/ceipsantjordi-massanet\/wp-json\/wp\/v2\/media?parent=2264"}],"wp:term":[{"taxonomy":"category","embeddable":true,"href":"https:\/\/agora.xtec.cat\/ceipsantjordi-massanet\/wp-json\/wp\/v2\/categories?post=2264"},{"taxonomy":"post_tag","embeddable":true,"href":"https:\/\/agora.xtec.cat\/ceipsantjordi-massanet\/wp-json\/wp\/v2\/tags?post=2264"}],"curies":[{"name":"wp","href":"https:\/\/api.w.org\/{rel}","templated":true}]}}