{"id":2235,"date":"2016-03-02T15:19:06","date_gmt":"2016-03-02T14:19:06","guid":{"rendered":"http:\/\/agora.xtec.cat\/ceipsantjordi-massanet\/?p=2235"},"modified":"2016-03-04T15:04:12","modified_gmt":"2016-03-04T14:04:12","slug":"leducacio-a-finlandia","status":"publish","type":"post","link":"https:\/\/agora.xtec.cat\/ceipsantjordi-massanet\/ampa\/leducacio-a-finlandia\/","title":{"rendered":"L&#8217;educaci\u00f3 a Finl\u00e0ndia"},"content":{"rendered":"<p><a href=\"http:\/\/agora.xtec.cat\/ceipsantjordi-massanet\/wp-content\/uploads\/usu391\/2016\/03\/IMG_3207.jpg\"><img loading=\"lazy\" decoding=\"async\" class=\" size-large wp-image-2236 alignnone\" src=\"http:\/\/agora.xtec.cat\/ceipsantjordi-massanet\/wp-content\/uploads\/usu391\/2016\/03\/IMG_3207-1024x765.jpg\" alt=\"IMG_3207\" width=\"640\" height=\"480\" srcset=\"https:\/\/agora.xtec.cat\/ceipsantjordi-massanet\/wp-content\/uploads\/usu391\/2016\/03\/IMG_3207-300x224.jpg 300w, https:\/\/agora.xtec.cat\/ceipsantjordi-massanet\/wp-content\/uploads\/usu391\/2016\/03\/IMG_3207-200x150.jpg 200w\" sizes=\"auto, (max-width: 640px) 100vw, 640px\" \/><\/a>Avui ens ha visitat<strong> Sirpa Kaarina Saari<\/strong>,\u00a0 professora de secund\u00e0ria a<strong> Finl\u00e0ndia<\/strong> i ens ha explicat com \u00e9s el model educatiu fin\u00e8s que \u00e9s un dels que t\u00e9 m\u00e9s \u00e8xit del m\u00f3n. Han assistit a la trobada l&#8217;<strong>Inspector d&#8217;Ensenyament<\/strong> i<strong> la presidenta de l&#8217;AMPA<\/strong>. Agra\u00efm la seva participaci\u00f3. Hem sabut, per exemple a a Finl\u00e0ndia els nens i nenes tenen el mateix tutor des de primer fins a sis\u00e8 i que no van a l&#8217;escola fins els sis anys i que compten amb molts serveis de refor\u00e7. Tamb\u00e9 ens ha explicat quins objectius es proposen i quin \u00e9s l&#8217;esperit dels finesos que els porta a fer sempre grans esfor\u00e7os per fer les coses molt ben fetes.<\/p>\n<p><iframe loading=\"lazy\" src=\"https:\/\/www.youtube.com\/embed\/EBBNgdaEEjU?rel=0&amp;controls=0&amp;showinfo=0\" width=\"640\" height=\"230\" frameborder=\"0\" allowfullscreen=\"allowfullscreen\"><\/iframe><\/p>\n","protected":false},"excerpt":{"rendered":"<p><a href=\"http:\/\/agora.xtec.cat\/ceipsantjordi-massanet\/wp-content\/uploads\/usu391\/2016\/03\/IMG_3207.jpg\"><\/a>Avui ens ha visitat Sirpa Kaarina Saari,\u00a0 professora de secund\u00e0ria a Finl\u00e0ndia i ens ha explicat com \u00e9s el model educatiu fin\u00e8s que \u00e9s un dels que t\u00e9 m\u00e9s \u00e8xit del m\u00f3n. Han assistit a la trobada l&#8217;Inspector d&#8217;Ensenyament i la presidenta de l&#8217;AMPA.&hellip;  <a href=\"https:\/\/agora.xtec.cat\/ceipsantjordi-massanet\/ampa\/leducacio-a-finlandia\/\" title=\"Read L&#8217;educaci\u00f3 a Finl\u00e0ndia\">Llegeix m\u00e9s\u00bb<\/a><\/p>\n","protected":false},"author":4,"featured_media":0,"comment_status":"open","ping_status":"open","sticky":false,"template":"","format":"standard","meta":{"_bbp_topic_count":0,"_bbp_reply_count":0,"_bbp_total_topic_count":0,"_bbp_total_reply_count":0,"_bbp_voice_count":0,"_bbp_anonymous_reply_count":0,"_bbp_topic_count_hidden":0,"_bbp_reply_count_hidden":0,"_bbp_forum_subforum_count":0,"footnotes":""},"categories":[7],"tags":[],"class_list":["post-2235","post","type-post","status-publish","format-standard","hentry","category-ampa"],"post_mailing_queue_ids":[],"_links":{"self":[{"href":"https:\/\/agora.xtec.cat\/ceipsantjordi-massanet\/wp-json\/wp\/v2\/posts\/2235","targetHints":{"allow":["GET"]}}],"collection":[{"href":"https:\/\/agora.xtec.cat\/ceipsantjordi-massanet\/wp-json\/wp\/v2\/posts"}],"about":[{"href":"https:\/\/agora.xtec.cat\/ceipsantjordi-massanet\/wp-json\/wp\/v2\/types\/post"}],"author":[{"embeddable":true,"href":"https:\/\/agora.xtec.cat\/ceipsantjordi-massanet\/wp-json\/wp\/v2\/users\/4"}],"replies":[{"embeddable":true,"href":"https:\/\/agora.xtec.cat\/ceipsantjordi-massanet\/wp-json\/wp\/v2\/comments?post=2235"}],"version-history":[{"count":3,"href":"https:\/\/agora.xtec.cat\/ceipsantjordi-massanet\/wp-json\/wp\/v2\/posts\/2235\/revisions"}],"predecessor-version":[{"id":2261,"href":"https:\/\/agora.xtec.cat\/ceipsantjordi-massanet\/wp-json\/wp\/v2\/posts\/2235\/revisions\/2261"}],"wp:attachment":[{"href":"https:\/\/agora.xtec.cat\/ceipsantjordi-massanet\/wp-json\/wp\/v2\/media?parent=2235"}],"wp:term":[{"taxonomy":"category","embeddable":true,"href":"https:\/\/agora.xtec.cat\/ceipsantjordi-massanet\/wp-json\/wp\/v2\/categories?post=2235"},{"taxonomy":"post_tag","embeddable":true,"href":"https:\/\/agora.xtec.cat\/ceipsantjordi-massanet\/wp-json\/wp\/v2\/tags?post=2235"}],"curies":[{"name":"wp","href":"https:\/\/api.w.org\/{rel}","templated":true}]}}