{"id":20916,"date":"2025-04-10T18:28:03","date_gmt":"2025-04-10T16:28:03","guid":{"rendered":"https:\/\/agora.xtec.cat\/ceipsantjordi-massanet\/?p=20916"},"modified":"2025-06-17T13:10:34","modified_gmt":"2025-06-17T11:10:34","slug":"les-veus-de-5e-2","status":"publish","type":"post","link":"https:\/\/agora.xtec.cat\/ceipsantjordi-massanet\/portada\/les-veus-de-5e-2\/","title":{"rendered":"Les veus de 5\u00e8"},"content":{"rendered":"Pots sentir els diferents programes clicant sobre la imatge <img loading=\"lazy\" decoding=\"async\" class=\"alignnone  wp-image-20714\" src=\"https:\/\/agora.xtec.cat\/ceipsantjordi-massanet\/wp-content\/uploads\/usu391\/2025\/02\/images.png\" alt=\"\" width=\"41\" height=\"23\" \/>al principi de la descripci\u00f3 de cada programa. Esperem que el gaudiu tant com nosaltres!!!\n<table style=\"border-collapse: collapse; width: 100%;\">\n<tbody>\n<tr>\n<td style=\"width: 33.3333%;\"><a href=\"https:\/\/drive.google.com\/file\/d\/12_SEke0-pSleBze_g66C0PSiJaISAO4w\/view\"><img loading=\"lazy\" decoding=\"async\" class=\"wp-image-20714 alignleft\" src=\"https:\/\/agora.xtec.cat\/ceipsantjordi-massanet\/wp-content\/uploads\/usu391\/2025\/02\/images.png\" alt=\"\" width=\"315\" height=\"176\" \/><\/a><\/td>\n<td style=\"width: 33.3333%;\">Els nens i nenes de 5\u00e8 hem creat el nostre primer programa de r\u00e0dio que es titula &#8220;Les veus de 5\u00e8&#8221;. T\u00e9 diferents seccions, ens hem esfor\u00e7at molt i esperem que us agradi!<\/td>\n<td style=\"width: 33.3333%;\"><\/td>\n<\/tr>\n<tr>\n<td style=\"width: 33.3333%;\"><a href=\"https:\/\/drive.google.com\/file\/d\/1Tml0l_BArWM5Xku0I72jDgSICbmjfqEc\/view?usp=sharing\"><img loading=\"lazy\" decoding=\"async\" class=\"alignnone size-full wp-image-20714\" src=\"https:\/\/agora.xtec.cat\/ceipsantjordi-massanet\/wp-content\/uploads\/usu391\/2025\/02\/images.png\" alt=\"\" width=\"300\" height=\"168\" \/><\/a><\/td>\n<td style=\"width: 33.3333%;\">Els nens i nenes de 5\u00e8 hem gravat el nostre segon programa de r\u00e0dio &#8220;Les veus de 5\u00e8&#8221;. Escolteu-lo!!<\/td>\n<td style=\"width: 33.3333%;\"><a href=\"https:\/\/drive.google.com\/file\/d\/1I49g_iR7R9EAby7tIqE6eOOmRTm4PEFH\/view?usp=drive_link\"><img loading=\"lazy\" decoding=\"async\" class=\"alignnone wp-image-20917\" src=\"https:\/\/agora.xtec.cat\/ceipsantjordi-massanet\/wp-content\/uploads\/usu391\/2025\/04\/radio01.png\" alt=\"\" width=\"351\" height=\"184\" srcset=\"https:\/\/agora.xtec.cat\/ceipsantjordi-massanet\/wp-content\/uploads\/usu391\/2025\/04\/radio01.png 877w, https:\/\/agora.xtec.cat\/ceipsantjordi-massanet\/wp-content\/uploads\/usu391\/2025\/04\/radio01-300x157.png 300w, https:\/\/agora.xtec.cat\/ceipsantjordi-massanet\/wp-content\/uploads\/usu391\/2025\/04\/radio01-768x402.png 768w\" sizes=\"auto, (max-width: 351px) 100vw, 351px\" \/><\/a><\/td>\n<\/tr>\n<tr>\n<td style=\"width: 33.3333%;\"><a href=\"https:\/\/drive.google.com\/file\/d\/1xdqGyz5SxYAM6Am3e4GAsrkXjZndP8ba\/view?usp=sharing\"><img loading=\"lazy\" decoding=\"async\" class=\"alignnone size-full wp-image-20714\" src=\"https:\/\/agora.xtec.cat\/ceipsantjordi-massanet\/wp-content\/uploads\/usu391\/2025\/02\/images.png\" alt=\"\" width=\"300\" height=\"168\" \/><\/a><\/td>\n<td style=\"width: 33.3333%;\">Aquest \u00e9s el nostre tercer programa. Gaudiu-lo<\/td>\n<td style=\"width: 33.3333%;\">\n<figure class=\"wp-block-image size-full is-resized\"><a href=\"https:\/\/agora.xtec.cat\/ceipsantjordi-massanet\/wp-content\/uploads\/usu391\/2025\/04\/image.png\"><img loading=\"lazy\" decoding=\"async\" width=\"773\" height=\"382\" class=\"wp-image-21032\" src=\"https:\/\/agora.xtec.cat\/ceipsantjordi-massanet\/wp-content\/uploads\/usu391\/2025\/04\/image.png\" alt=\"\" srcset=\"https:\/\/agora.xtec.cat\/ceipsantjordi-massanet\/wp-content\/uploads\/usu391\/2025\/04\/image.png 773w, https:\/\/agora.xtec.cat\/ceipsantjordi-massanet\/wp-content\/uploads\/usu391\/2025\/04\/image-300x148.png 300w, https:\/\/agora.xtec.cat\/ceipsantjordi-massanet\/wp-content\/uploads\/usu391\/2025\/04\/image-768x380.png 768w\" sizes=\"auto, (max-width: 773px) 100vw, 773px\" \/><\/a><\/figure>\n<\/td>\n<\/tr>\n<tr>\n<td style=\"width: 33.3333%;\"><\/td>\n<td style=\"width: 33.3333%;\"><\/td>\n<td style=\"width: 33.3333%;\"><\/td>\n<\/tr>\n<tr>\n<td style=\"width: 33.3333%;\"><\/td>\n<td style=\"width: 33.3333%;\"><\/td>\n<td style=\"width: 33.3333%;\"><\/td>\n<\/tr>\n<\/tbody>\n<\/table>","protected":false},"excerpt":{"rendered":"<p>Pots sentir els diferents programes clicant sobre la imatge al principi de la descripci\u00f3 de cada programa. Esperem que el gaudiu tant com nosaltres!!!<\/p>\n<p><a href=\"https:\/\/drive.google.com\/file\/d\/12_SEke0-pSleBze_g66C0PSiJaISAO4w\/view\"><\/a><br \/>\nEls nens i nenes de 5\u00e8 hem creat el nostre primer programa de r\u00e0dio que es titula &#8220;Les veus de 5\u00e8&#8221;.&hellip;  <a href=\"https:\/\/agora.xtec.cat\/ceipsantjordi-massanet\/portada\/les-veus-de-5e-2\/\" title=\"Read Les veus de 5\u00e8\">Llegeix m\u00e9s\u00bb<\/a><\/p>\n","protected":false},"author":21,"featured_media":20714,"comment_status":"closed","ping_status":"closed","sticky":false,"template":"","format":"standard","meta":{"_bbp_topic_count":0,"_bbp_reply_count":0,"_bbp_total_topic_count":0,"_bbp_total_reply_count":0,"_bbp_voice_count":0,"_bbp_anonymous_reply_count":0,"_bbp_topic_count_hidden":0,"_bbp_reply_count_hidden":0,"_bbp_forum_subforum_count":0,"footnotes":""},"categories":[14,4],"tags":[],"class_list":["post-20916","post","type-post","status-publish","format-standard","has-post-thumbnail","hentry","category-5e","category-portada"],"post_mailing_queue_ids":[],"_links":{"self":[{"href":"https:\/\/agora.xtec.cat\/ceipsantjordi-massanet\/wp-json\/wp\/v2\/posts\/20916","targetHints":{"allow":["GET"]}}],"collection":[{"href":"https:\/\/agora.xtec.cat\/ceipsantjordi-massanet\/wp-json\/wp\/v2\/posts"}],"about":[{"href":"https:\/\/agora.xtec.cat\/ceipsantjordi-massanet\/wp-json\/wp\/v2\/types\/post"}],"author":[{"embeddable":true,"href":"https:\/\/agora.xtec.cat\/ceipsantjordi-massanet\/wp-json\/wp\/v2\/users\/21"}],"replies":[{"embeddable":true,"href":"https:\/\/agora.xtec.cat\/ceipsantjordi-massanet\/wp-json\/wp\/v2\/comments?post=20916"}],"version-history":[{"count":3,"href":"https:\/\/agora.xtec.cat\/ceipsantjordi-massanet\/wp-json\/wp\/v2\/posts\/20916\/revisions"}],"predecessor-version":[{"id":21033,"href":"https:\/\/agora.xtec.cat\/ceipsantjordi-massanet\/wp-json\/wp\/v2\/posts\/20916\/revisions\/21033"}],"wp:featuredmedia":[{"embeddable":true,"href":"https:\/\/agora.xtec.cat\/ceipsantjordi-massanet\/wp-json\/wp\/v2\/media\/20714"}],"wp:attachment":[{"href":"https:\/\/agora.xtec.cat\/ceipsantjordi-massanet\/wp-json\/wp\/v2\/media?parent=20916"}],"wp:term":[{"taxonomy":"category","embeddable":true,"href":"https:\/\/agora.xtec.cat\/ceipsantjordi-massanet\/wp-json\/wp\/v2\/categories?post=20916"},{"taxonomy":"post_tag","embeddable":true,"href":"https:\/\/agora.xtec.cat\/ceipsantjordi-massanet\/wp-json\/wp\/v2\/tags?post=20916"}],"curies":[{"name":"wp","href":"https:\/\/api.w.org\/{rel}","templated":true}]}}