{"id":20244,"date":"2024-11-02T10:30:17","date_gmt":"2024-11-02T09:30:17","guid":{"rendered":"https:\/\/agora.xtec.cat\/ceipsantjordi-massanet\/?p=20244"},"modified":"2024-11-02T10:30:17","modified_gmt":"2024-11-02T09:30:17","slug":"taller-fundesplai","status":"publish","type":"post","link":"https:\/\/agora.xtec.cat\/ceipsantjordi-massanet\/portada\/taller-fundesplai\/","title":{"rendered":"TALLER FUNDESPLAI"},"content":{"rendered":"<p><iframe loading=\"lazy\" title=\"TALLER FUNDESPLAI\" width=\"500\" height=\"281\" src=\"https:\/\/www.youtube.com\/embed\/6p44PLJvteE?feature=oembed\" frameborder=\"0\" allow=\"accelerometer; autoplay; clipboard-write; encrypted-media; gyroscope; picture-in-picture; web-share\" referrerpolicy=\"strict-origin-when-cross-origin\" allowfullscreen><\/iframe><\/p>\n<p>Els de 3r hem fet un taller amb Fundesplai: El nostre poble est\u00e0 malalt? Hem sortit pel poble a recollir diferents evid\u00e8ncies de com estem en temes com: la contaminaci\u00f3 ac\u00fastica o de l&#8217;aire, les deixalles, els comportaments dels vilatans,&#8230; Tot s\u00faper interessant! Moltes gr\u00e0cies a en Manel i a la Paula!!!!<\/p>\n","protected":false},"excerpt":{"rendered":"<p>Els de 3r hem fet un taller amb Fundesplai: El nostre poble est\u00e0 malalt? Hem sortit pel poble a recollir diferents evid\u00e8ncies de com estem en temes com: la contaminaci\u00f3 ac\u00fastica o de l&#8217;aire, les deixalles, els comportaments dels vilatans,&#8230; Tot s\u00faper interessant! Moltes gr\u00e0cies&hellip;  <a href=\"https:\/\/agora.xtec.cat\/ceipsantjordi-massanet\/portada\/taller-fundesplai\/\" title=\"Read TALLER FUNDESPLAI\">Llegeix m\u00e9s\u00bb<\/a><\/p>\n","protected":false},"author":4,"featured_media":20245,"comment_status":"open","ping_status":"closed","sticky":false,"template":"","format":"standard","meta":{"_bbp_topic_count":0,"_bbp_reply_count":0,"_bbp_total_topic_count":0,"_bbp_total_reply_count":0,"_bbp_voice_count":0,"_bbp_anonymous_reply_count":0,"_bbp_topic_count_hidden":0,"_bbp_reply_count_hidden":0,"_bbp_forum_subforum_count":0,"footnotes":""},"categories":[4,12],"tags":[],"class_list":["post-20244","post","type-post","status-publish","format-standard","has-post-thumbnail","hentry","category-portada","category-3r"],"post_mailing_queue_ids":[],"_links":{"self":[{"href":"https:\/\/agora.xtec.cat\/ceipsantjordi-massanet\/wp-json\/wp\/v2\/posts\/20244","targetHints":{"allow":["GET"]}}],"collection":[{"href":"https:\/\/agora.xtec.cat\/ceipsantjordi-massanet\/wp-json\/wp\/v2\/posts"}],"about":[{"href":"https:\/\/agora.xtec.cat\/ceipsantjordi-massanet\/wp-json\/wp\/v2\/types\/post"}],"author":[{"embeddable":true,"href":"https:\/\/agora.xtec.cat\/ceipsantjordi-massanet\/wp-json\/wp\/v2\/users\/4"}],"replies":[{"embeddable":true,"href":"https:\/\/agora.xtec.cat\/ceipsantjordi-massanet\/wp-json\/wp\/v2\/comments?post=20244"}],"version-history":[{"count":1,"href":"https:\/\/agora.xtec.cat\/ceipsantjordi-massanet\/wp-json\/wp\/v2\/posts\/20244\/revisions"}],"predecessor-version":[{"id":20246,"href":"https:\/\/agora.xtec.cat\/ceipsantjordi-massanet\/wp-json\/wp\/v2\/posts\/20244\/revisions\/20246"}],"wp:featuredmedia":[{"embeddable":true,"href":"https:\/\/agora.xtec.cat\/ceipsantjordi-massanet\/wp-json\/wp\/v2\/media\/20245"}],"wp:attachment":[{"href":"https:\/\/agora.xtec.cat\/ceipsantjordi-massanet\/wp-json\/wp\/v2\/media?parent=20244"}],"wp:term":[{"taxonomy":"category","embeddable":true,"href":"https:\/\/agora.xtec.cat\/ceipsantjordi-massanet\/wp-json\/wp\/v2\/categories?post=20244"},{"taxonomy":"post_tag","embeddable":true,"href":"https:\/\/agora.xtec.cat\/ceipsantjordi-massanet\/wp-json\/wp\/v2\/tags?post=20244"}],"curies":[{"name":"wp","href":"https:\/\/api.w.org\/{rel}","templated":true}]}}