{"id":19852,"date":"2024-04-12T09:43:42","date_gmt":"2024-04-12T07:43:42","guid":{"rendered":"https:\/\/agora.xtec.cat\/ceipsantjordi-massanet\/?p=19852"},"modified":"2024-04-12T09:43:42","modified_gmt":"2024-04-12T07:43:42","slug":"campanya-de-donacio-de-sang","status":"publish","type":"post","link":"https:\/\/agora.xtec.cat\/ceipsantjordi-massanet\/portada\/campanya-de-donacio-de-sang\/","title":{"rendered":"Campanya de donaci\u00f3 de Sang"},"content":{"rendered":"<p><a href=\"https:\/\/agora.xtec.cat\/ceipsantjordi-massanet\/wp-content\/uploads\/usu391\/2024\/04\/CA4_TDR1_APS_mcas_mac\u2560oanet1_CA.jpg\"><img loading=\"lazy\" decoding=\"async\" class=\"alignnone size-large wp-image-19853\" src=\"https:\/\/agora.xtec.cat\/ceipsantjordi-massanet\/wp-content\/uploads\/usu391\/2024\/04\/CA4_TDR1_APS_mcas_mac\u2560oanet1_CA-724x1024.jpg\" alt=\"\" width=\"724\" height=\"1024\" srcset=\"https:\/\/agora.xtec.cat\/ceipsantjordi-massanet\/wp-content\/uploads\/usu391\/2024\/04\/CA4_TDR1_APS_mcas_mac\u2560oanet1_CA-724x1024.jpg 724w, https:\/\/agora.xtec.cat\/ceipsantjordi-massanet\/wp-content\/uploads\/usu391\/2024\/04\/CA4_TDR1_APS_mcas_mac\u2560oanet1_CA-212x300.jpg 212w, https:\/\/agora.xtec.cat\/ceipsantjordi-massanet\/wp-content\/uploads\/usu391\/2024\/04\/CA4_TDR1_APS_mcas_mac\u2560oanet1_CA-768x1086.jpg 768w, https:\/\/agora.xtec.cat\/ceipsantjordi-massanet\/wp-content\/uploads\/usu391\/2024\/04\/CA4_TDR1_APS_mcas_mac\u2560oanet1_CA-1086x1536.jpg 1086w, https:\/\/agora.xtec.cat\/ceipsantjordi-massanet\/wp-content\/uploads\/usu391\/2024\/04\/CA4_TDR1_APS_mcas_mac\u2560oanet1_CA.jpg 1240w\" sizes=\"auto, (max-width: 724px) 100vw, 724px\" \/><\/a>Benvolgudes fam\u00edlies,<br \/>\nUs volem comunicar que la CAMPANYA DE DONACI\u00d3 DE SANG a MA\u00c7ANET DE LA SELVA ser\u00e0 el proper dilluns 15 d&#8217;abril de 2024, de les 17 a les 21 hores, a Can Fell\u00f3. Est\u00e0 organitzat pel Banc de Sang i Teixits de Catalunya (BST), amb la col\u00b7laboraci\u00f3 de l&#8217;alumnat de 5\u00e8 que han dissenyat el cartell amb el lema &#8220;Cada gota de sang floreix&#8221; i han ajudat en les tasques de difusi\u00f3 d&#8217;aquests cartells.<\/p>\n<p>Donar sang \u00e9s un acte altruista, de responsabilitat, solidari i necessari; pot salvar vides. Hi pot participar qualsevol persona d&#8217;entre 18 i 70 anys que pesi m\u00e9s de 50 kg.<\/p>\n<p>Us animem a donar sang. Moltes gr\u00e0cies per la vostra col\u00b7laboraci\u00f3!<\/p>\n","protected":false},"excerpt":{"rendered":"<p><a href=\"https:\/\/agora.xtec.cat\/ceipsantjordi-massanet\/wp-content\/uploads\/usu391\/2024\/04\/CA4_TDR1_APS_mcas_mac\u2560oanet1_CA.jpg\"><\/a>Benvolgudes fam\u00edlies,<br \/>\nUs volem comunicar que la CAMPANYA DE DONACI\u00d3 DE SANG a MA\u00c7ANET DE LA SELVA ser\u00e0 el proper dilluns 15 d&#8217;abril de 2024, de les 17 a les 21 hores, a Can Fell\u00f3. Est\u00e0 organitzat pel Banc de Sang i Teixits de Catalunya&hellip;  <a href=\"https:\/\/agora.xtec.cat\/ceipsantjordi-massanet\/portada\/campanya-de-donacio-de-sang\/\" title=\"Read Campanya de donaci\u00f3 de Sang\">Llegeix m\u00e9s\u00bb<\/a><\/p>\n","protected":false},"author":1,"featured_media":19853,"comment_status":"open","ping_status":"closed","sticky":false,"template":"","format":"standard","meta":{"_bbp_topic_count":0,"_bbp_reply_count":0,"_bbp_total_topic_count":0,"_bbp_total_reply_count":0,"_bbp_voice_count":0,"_bbp_anonymous_reply_count":0,"_bbp_topic_count_hidden":0,"_bbp_reply_count_hidden":0,"_bbp_forum_subforum_count":0,"footnotes":""},"categories":[14,4],"tags":[],"class_list":["post-19852","post","type-post","status-publish","format-standard","has-post-thumbnail","hentry","category-5e","category-portada"],"post_mailing_queue_ids":[],"_links":{"self":[{"href":"https:\/\/agora.xtec.cat\/ceipsantjordi-massanet\/wp-json\/wp\/v2\/posts\/19852","targetHints":{"allow":["GET"]}}],"collection":[{"href":"https:\/\/agora.xtec.cat\/ceipsantjordi-massanet\/wp-json\/wp\/v2\/posts"}],"about":[{"href":"https:\/\/agora.xtec.cat\/ceipsantjordi-massanet\/wp-json\/wp\/v2\/types\/post"}],"author":[{"embeddable":true,"href":"https:\/\/agora.xtec.cat\/ceipsantjordi-massanet\/wp-json\/wp\/v2\/users\/1"}],"replies":[{"embeddable":true,"href":"https:\/\/agora.xtec.cat\/ceipsantjordi-massanet\/wp-json\/wp\/v2\/comments?post=19852"}],"version-history":[{"count":1,"href":"https:\/\/agora.xtec.cat\/ceipsantjordi-massanet\/wp-json\/wp\/v2\/posts\/19852\/revisions"}],"predecessor-version":[{"id":19854,"href":"https:\/\/agora.xtec.cat\/ceipsantjordi-massanet\/wp-json\/wp\/v2\/posts\/19852\/revisions\/19854"}],"wp:featuredmedia":[{"embeddable":true,"href":"https:\/\/agora.xtec.cat\/ceipsantjordi-massanet\/wp-json\/wp\/v2\/media\/19853"}],"wp:attachment":[{"href":"https:\/\/agora.xtec.cat\/ceipsantjordi-massanet\/wp-json\/wp\/v2\/media?parent=19852"}],"wp:term":[{"taxonomy":"category","embeddable":true,"href":"https:\/\/agora.xtec.cat\/ceipsantjordi-massanet\/wp-json\/wp\/v2\/categories?post=19852"},{"taxonomy":"post_tag","embeddable":true,"href":"https:\/\/agora.xtec.cat\/ceipsantjordi-massanet\/wp-json\/wp\/v2\/tags?post=19852"}],"curies":[{"name":"wp","href":"https:\/\/api.w.org\/{rel}","templated":true}]}}