{"id":19650,"date":"2024-03-13T16:09:28","date_gmt":"2024-03-13T15:09:28","guid":{"rendered":"https:\/\/agora.xtec.cat\/ceipsantjordi-massanet\/?p=19650"},"modified":"2024-03-13T16:10:44","modified_gmt":"2024-03-13T15:10:44","slug":"activitat-per-a-families-2","status":"publish","type":"post","link":"https:\/\/agora.xtec.cat\/ceipsantjordi-massanet\/portada\/activitat-per-a-families-2\/","title":{"rendered":"ACTIVITAT PER A FAM\u00cdLIES"},"content":{"rendered":"<p style=\"font-weight: 400;\">Us fem arribar el seg\u00fcent enlla\u00e7 per tal el pugueu fer extensiu a les fam\u00edlies del centre usuaries del menjador, el motiu \u00e9s fer una breu sessi\u00f3 informativa sobre els alergens.<\/p>\n<p style=\"font-weight: 400;\">La reuni\u00f3 la relitzarem v\u00eda Teams, el dia 13 de mar\u00e7 de 19:00 a 19:30h aproximadament, si us sorgeix qualsevol q\u00fcesti\u00f3 no dubteu en adre\u00e7ar-vos a nosaltres.<\/p>\n<p style=\"font-weight: 400;\"><a href=\"https:\/\/teams.microsoft.com\/dl\/launcher\/launcher.html?url=%2F_%23%2Fl%2Fmeetup-join%2F19%3Ameeting_OGVlODQ3NGItM2NlZC00MDM3LTg3ZTUtNzEzOThkMTFlYTUz%40thread.v2%2F0%3Fcontext%3D%257b%2522Tid%2522%253a%2522b1519f0f-2dbf-4e21-bf34-a686ce97588a%2522%252c%2522Oid%2522%253a%252255d9d329-6801-4fd2-9358-53246512e1ef%2522%257d%26anon%3Dtrue&amp;type=meetup-join&amp;deeplinkId=0e590b59-8521-4c3d-abc1-e8a80f0dbbd5&amp;directDl=true&amp;msLaunch=true&amp;enableMobilePage=true&amp;suppressPrompt=true\"><img loading=\"lazy\" decoding=\"async\" class=\"alignnone size-full wp-image-19651\" src=\"https:\/\/agora.xtec.cat\/ceipsantjordi-massanet\/wp-content\/uploads\/usu391\/2024\/03\/Captura-de-pantalla-2024-03-11-a-les-12.42.36.png\" alt=\"\" width=\"430\" height=\"421\" srcset=\"https:\/\/agora.xtec.cat\/ceipsantjordi-massanet\/wp-content\/uploads\/usu391\/2024\/03\/Captura-de-pantalla-2024-03-11-a-les-12.42.36.png 430w, https:\/\/agora.xtec.cat\/ceipsantjordi-massanet\/wp-content\/uploads\/usu391\/2024\/03\/Captura-de-pantalla-2024-03-11-a-les-12.42.36-300x294.png 300w\" sizes=\"auto, (max-width: 430px) 100vw, 430px\" \/><\/a><\/p>\n","protected":false},"excerpt":{"rendered":"<p>Us fem arribar el seg\u00fcent enlla\u00e7 per tal el pugueu fer extensiu a les fam\u00edlies del centre usuaries del menjador, el motiu \u00e9s fer una breu sessi\u00f3 informativa sobre els alergens.<br \/>\nLa reuni\u00f3 la relitzarem v\u00eda Teams, el dia 13 de mar\u00e7 de 19:00 a 19:30h&hellip;  <a href=\"https:\/\/agora.xtec.cat\/ceipsantjordi-massanet\/portada\/activitat-per-a-families-2\/\" title=\"Read ACTIVITAT PER A FAM\u00cdLIES\">Llegeix m\u00e9s\u00bb<\/a><\/p>\n","protected":false},"author":4,"featured_media":0,"comment_status":"open","ping_status":"closed","sticky":false,"template":"","format":"standard","meta":{"_bbp_topic_count":0,"_bbp_reply_count":0,"_bbp_total_topic_count":0,"_bbp_total_reply_count":0,"_bbp_voice_count":0,"_bbp_anonymous_reply_count":0,"_bbp_topic_count_hidden":0,"_bbp_reply_count_hidden":0,"_bbp_forum_subforum_count":0,"footnotes":""},"categories":[4],"tags":[],"class_list":["post-19650","post","type-post","status-publish","format-standard","hentry","category-portada"],"post_mailing_queue_ids":[],"_links":{"self":[{"href":"https:\/\/agora.xtec.cat\/ceipsantjordi-massanet\/wp-json\/wp\/v2\/posts\/19650","targetHints":{"allow":["GET"]}}],"collection":[{"href":"https:\/\/agora.xtec.cat\/ceipsantjordi-massanet\/wp-json\/wp\/v2\/posts"}],"about":[{"href":"https:\/\/agora.xtec.cat\/ceipsantjordi-massanet\/wp-json\/wp\/v2\/types\/post"}],"author":[{"embeddable":true,"href":"https:\/\/agora.xtec.cat\/ceipsantjordi-massanet\/wp-json\/wp\/v2\/users\/4"}],"replies":[{"embeddable":true,"href":"https:\/\/agora.xtec.cat\/ceipsantjordi-massanet\/wp-json\/wp\/v2\/comments?post=19650"}],"version-history":[{"count":1,"href":"https:\/\/agora.xtec.cat\/ceipsantjordi-massanet\/wp-json\/wp\/v2\/posts\/19650\/revisions"}],"predecessor-version":[{"id":19652,"href":"https:\/\/agora.xtec.cat\/ceipsantjordi-massanet\/wp-json\/wp\/v2\/posts\/19650\/revisions\/19652"}],"wp:attachment":[{"href":"https:\/\/agora.xtec.cat\/ceipsantjordi-massanet\/wp-json\/wp\/v2\/media?parent=19650"}],"wp:term":[{"taxonomy":"category","embeddable":true,"href":"https:\/\/agora.xtec.cat\/ceipsantjordi-massanet\/wp-json\/wp\/v2\/categories?post=19650"},{"taxonomy":"post_tag","embeddable":true,"href":"https:\/\/agora.xtec.cat\/ceipsantjordi-massanet\/wp-json\/wp\/v2\/tags?post=19650"}],"curies":[{"name":"wp","href":"https:\/\/api.w.org\/{rel}","templated":true}]}}