{"id":1929,"date":"2016-02-01T17:47:46","date_gmt":"2016-02-01T16:47:46","guid":{"rendered":"http:\/\/agora.xtec.cat\/ceipsantjordi-massanet\/?p=1929"},"modified":"2019-01-08T19:47:58","modified_gmt":"2019-01-08T18:47:58","slug":"decoracio-acabada","status":"publish","type":"post","link":"https:\/\/agora.xtec.cat\/ceipsantjordi-massanet\/ampa\/decoracio-acabada\/","title":{"rendered":"DECOREM EL MENJADOR"},"content":{"rendered":"<p>Un cop pintat el menjador el grup de volunt\u00e0ries l&#8217;ha decorat d&#8217;aquesta manera. Cliqueu al t\u00edtol de l&#8217;article per veure m\u00e9s fotos. Ha quedat molt b\u00e9!<\/p>\n<div><iframe loading=\"lazy\" src=\"https:\/\/www.kizoa.com\/embed-30702773-7015591o1l1\" width=\"560\" height=\"420\" frameborder=\"0\" allowfullscreen=\"allowfullscreen\"><\/iframe><br \/>\n<b><\/b><\/div>\n","protected":false},"excerpt":{"rendered":"<p>Un cop pintat el menjador el grup de volunt\u00e0ries l&#8217;ha decorat d&#8217;aquesta manera. Cliqueu al t\u00edtol de l&#8217;article per veure m\u00e9s fotos. Ha quedat molt b\u00e9!<\/p>\n","protected":false},"author":4,"featured_media":1930,"comment_status":"open","ping_status":"closed","sticky":false,"template":"","format":"standard","meta":{"_bbp_topic_count":0,"_bbp_reply_count":0,"_bbp_total_topic_count":0,"_bbp_total_reply_count":0,"_bbp_voice_count":0,"_bbp_anonymous_reply_count":0,"_bbp_topic_count_hidden":0,"_bbp_reply_count_hidden":0,"_bbp_forum_subforum_count":0,"footnotes":""},"categories":[7,86],"tags":[],"class_list":["post-1929","post","type-post","status-publish","format-standard","has-post-thumbnail","hentry","category-ampa","category-decoracio"],"post_mailing_queue_ids":[],"_links":{"self":[{"href":"https:\/\/agora.xtec.cat\/ceipsantjordi-massanet\/wp-json\/wp\/v2\/posts\/1929","targetHints":{"allow":["GET"]}}],"collection":[{"href":"https:\/\/agora.xtec.cat\/ceipsantjordi-massanet\/wp-json\/wp\/v2\/posts"}],"about":[{"href":"https:\/\/agora.xtec.cat\/ceipsantjordi-massanet\/wp-json\/wp\/v2\/types\/post"}],"author":[{"embeddable":true,"href":"https:\/\/agora.xtec.cat\/ceipsantjordi-massanet\/wp-json\/wp\/v2\/users\/4"}],"replies":[{"embeddable":true,"href":"https:\/\/agora.xtec.cat\/ceipsantjordi-massanet\/wp-json\/wp\/v2\/comments?post=1929"}],"version-history":[{"count":3,"href":"https:\/\/agora.xtec.cat\/ceipsantjordi-massanet\/wp-json\/wp\/v2\/posts\/1929\/revisions"}],"predecessor-version":[{"id":9569,"href":"https:\/\/agora.xtec.cat\/ceipsantjordi-massanet\/wp-json\/wp\/v2\/posts\/1929\/revisions\/9569"}],"wp:featuredmedia":[{"embeddable":true,"href":"https:\/\/agora.xtec.cat\/ceipsantjordi-massanet\/wp-json\/wp\/v2\/media\/1930"}],"wp:attachment":[{"href":"https:\/\/agora.xtec.cat\/ceipsantjordi-massanet\/wp-json\/wp\/v2\/media?parent=1929"}],"wp:term":[{"taxonomy":"category","embeddable":true,"href":"https:\/\/agora.xtec.cat\/ceipsantjordi-massanet\/wp-json\/wp\/v2\/categories?post=1929"},{"taxonomy":"post_tag","embeddable":true,"href":"https:\/\/agora.xtec.cat\/ceipsantjordi-massanet\/wp-json\/wp\/v2\/tags?post=1929"}],"curies":[{"name":"wp","href":"https:\/\/api.w.org\/{rel}","templated":true}]}}