{"id":18803,"date":"2023-09-12T08:57:46","date_gmt":"2023-09-12T06:57:46","guid":{"rendered":"https:\/\/agora.xtec.cat\/ceipsantjordi-massanet\/?p=18803"},"modified":"2023-09-12T08:57:46","modified_gmt":"2023-09-12T06:57:46","slug":"assemblea-de-lampa","status":"publish","type":"post","link":"https:\/\/agora.xtec.cat\/ceipsantjordi-massanet\/portada\/assemblea-de-lampa\/","title":{"rendered":"ASSEMBLEA DE L&#8217;AMPA!"},"content":{"rendered":"<p>Estimats socis de l&#8217;AMPA Escola Sant Jordi.<\/p>\n<p>El pr\u00f2xim dia 30 de Setembre es celebrar\u00e0 una assemblea Extraordin\u00e0ria al pati del l&#8217;escola a les 11h del mat\u00ed i us convoquem a assistir.<\/p>\n<p>Ordre del dia:<\/p>\n<p>&#8211; Ren\u00fancia de l&#8217;actual Junta.<br \/>\n&#8211; Presentaci\u00f3 de noves candidatures i projectes.<br \/>\n&#8211; Votaci\u00f3 de nova junta.<\/p>\n<p>Esperem la vostra assist\u00e8ncia!<\/p>\n<p>Atentament AMPA Sant Jordi.<br \/>\n__<\/p>\n<p>Estimados socios del AMPA Escola Sant Jordi.<\/p>\n<p>El pr\u00f3ximo d\u00eda 30 de Setiembre se celebrar\u00e1 una asamblea Extraordinaria en el patio de la escuela a las 11h de la ma\u00f1ana y os convocamos a asistir.<\/p>\n<p>Orden del d\u00eda:<\/p>\n<p>&#8211; Renuncia de la actual Junta.<br \/>\n&#8211; Presentaci\u00f3n de nuevas candidaturas y proyectos.<br \/>\n&#8211; Votaci\u00f3n de nueva junta.<\/p>\n<p>Esperamos vuestra asistencia!<\/p>\n<p>Atentamente AMPA Sant Jordi.<\/p>\n","protected":false},"excerpt":{"rendered":"<p>Estimats socis de l&#8217;AMPA Escola Sant Jordi.<br \/>\nEl pr\u00f2xim dia 30 de Setembre es celebrar\u00e0 una assemblea Extraordin\u00e0ria al pati del l&#8217;escola a les 11h del mat\u00ed i us convoquem a assistir.<br \/>\nOrdre del dia:<br \/>\n&#8211; Ren\u00fancia de l&#8217;actual Junta.<br \/>\n&#8211; Presentaci\u00f3 de noves candidatures i projectes.<br \/>\n&#8211; Votaci\u00f3 de&hellip;  <a href=\"https:\/\/agora.xtec.cat\/ceipsantjordi-massanet\/portada\/assemblea-de-lampa\/\" title=\"Read ASSEMBLEA DE L&#8217;AMPA!\">Llegeix m\u00e9s\u00bb<\/a><\/p>\n","protected":false},"author":4,"featured_media":0,"comment_status":"open","ping_status":"closed","sticky":false,"template":"","format":"standard","meta":{"_bbp_topic_count":0,"_bbp_reply_count":0,"_bbp_total_topic_count":0,"_bbp_total_reply_count":0,"_bbp_voice_count":0,"_bbp_anonymous_reply_count":0,"_bbp_topic_count_hidden":0,"_bbp_reply_count_hidden":0,"_bbp_forum_subforum_count":0,"footnotes":""},"categories":[7,4],"tags":[],"class_list":["post-18803","post","type-post","status-publish","format-standard","hentry","category-ampa","category-portada"],"post_mailing_queue_ids":[],"_links":{"self":[{"href":"https:\/\/agora.xtec.cat\/ceipsantjordi-massanet\/wp-json\/wp\/v2\/posts\/18803","targetHints":{"allow":["GET"]}}],"collection":[{"href":"https:\/\/agora.xtec.cat\/ceipsantjordi-massanet\/wp-json\/wp\/v2\/posts"}],"about":[{"href":"https:\/\/agora.xtec.cat\/ceipsantjordi-massanet\/wp-json\/wp\/v2\/types\/post"}],"author":[{"embeddable":true,"href":"https:\/\/agora.xtec.cat\/ceipsantjordi-massanet\/wp-json\/wp\/v2\/users\/4"}],"replies":[{"embeddable":true,"href":"https:\/\/agora.xtec.cat\/ceipsantjordi-massanet\/wp-json\/wp\/v2\/comments?post=18803"}],"version-history":[{"count":1,"href":"https:\/\/agora.xtec.cat\/ceipsantjordi-massanet\/wp-json\/wp\/v2\/posts\/18803\/revisions"}],"predecessor-version":[{"id":18804,"href":"https:\/\/agora.xtec.cat\/ceipsantjordi-massanet\/wp-json\/wp\/v2\/posts\/18803\/revisions\/18804"}],"wp:attachment":[{"href":"https:\/\/agora.xtec.cat\/ceipsantjordi-massanet\/wp-json\/wp\/v2\/media?parent=18803"}],"wp:term":[{"taxonomy":"category","embeddable":true,"href":"https:\/\/agora.xtec.cat\/ceipsantjordi-massanet\/wp-json\/wp\/v2\/categories?post=18803"},{"taxonomy":"post_tag","embeddable":true,"href":"https:\/\/agora.xtec.cat\/ceipsantjordi-massanet\/wp-json\/wp\/v2\/tags?post=18803"}],"curies":[{"name":"wp","href":"https:\/\/api.w.org\/{rel}","templated":true}]}}