{"id":18762,"date":"2023-09-04T11:16:58","date_gmt":"2023-09-04T09:16:58","guid":{"rendered":"https:\/\/agora.xtec.cat\/ceipsantjordi-massanet\/?p=18762"},"modified":"2023-09-04T11:17:31","modified_gmt":"2023-09-04T09:17:31","slug":"estiu-de-pintura","status":"publish","type":"post","link":"https:\/\/agora.xtec.cat\/ceipsantjordi-massanet\/portada\/estiu-de-pintura\/","title":{"rendered":"ESTIU DE PINTURA!"},"content":{"rendered":"<table style=\"border-collapse: collapse; width: 100%;\">\n<tbody>\n<tr>\n<td>Aquest estiu la Comunitat Educativa ha participat per poder comen\u00e7ar el curs amb les aules ben pintades. Aquestes s\u00f3n les que ha pintat l&#8217;AMPA. Moltes Gr\u00e0cies!<\/td>\n<td style=\"width: 33.3333%;\"><img loading=\"lazy\" decoding=\"async\" class=\"alignnone size-large wp-image-18763\" src=\"https:\/\/agora.xtec.cat\/ceipsantjordi-massanet\/wp-content\/uploads\/usu391\/2023\/09\/3d1e8bd1-ab1e-44e9-9b81-02cbfd9bf9fd-1024x768.jpg\" alt=\"\" width=\"1024\" height=\"768\" srcset=\"https:\/\/agora.xtec.cat\/ceipsantjordi-massanet\/wp-content\/uploads\/usu391\/2023\/09\/3d1e8bd1-ab1e-44e9-9b81-02cbfd9bf9fd-1024x768.jpg 1024w, https:\/\/agora.xtec.cat\/ceipsantjordi-massanet\/wp-content\/uploads\/usu391\/2023\/09\/3d1e8bd1-ab1e-44e9-9b81-02cbfd9bf9fd-300x225.jpg 300w, https:\/\/agora.xtec.cat\/ceipsantjordi-massanet\/wp-content\/uploads\/usu391\/2023\/09\/3d1e8bd1-ab1e-44e9-9b81-02cbfd9bf9fd-768x576.jpg 768w, https:\/\/agora.xtec.cat\/ceipsantjordi-massanet\/wp-content\/uploads\/usu391\/2023\/09\/3d1e8bd1-ab1e-44e9-9b81-02cbfd9bf9fd-1536x1152.jpg 1536w, https:\/\/agora.xtec.cat\/ceipsantjordi-massanet\/wp-content\/uploads\/usu391\/2023\/09\/3d1e8bd1-ab1e-44e9-9b81-02cbfd9bf9fd-200x150.jpg 200w, https:\/\/agora.xtec.cat\/ceipsantjordi-massanet\/wp-content\/uploads\/usu391\/2023\/09\/3d1e8bd1-ab1e-44e9-9b81-02cbfd9bf9fd.jpg 1600w\" sizes=\"auto, (max-width: 1024px) 100vw, 1024px\" \/><\/td>\n<td style=\"width: 33.3333%;\"><img loading=\"lazy\" decoding=\"async\" class=\"alignnone size-large wp-image-18765\" src=\"https:\/\/agora.xtec.cat\/ceipsantjordi-massanet\/wp-content\/uploads\/usu391\/2023\/09\/c2c55069-f3f1-4fca-b0c2-3ae09a8e0e34-1024x768.jpg\" alt=\"\" width=\"1024\" height=\"768\" srcset=\"https:\/\/agora.xtec.cat\/ceipsantjordi-massanet\/wp-content\/uploads\/usu391\/2023\/09\/c2c55069-f3f1-4fca-b0c2-3ae09a8e0e34-1024x768.jpg 1024w, https:\/\/agora.xtec.cat\/ceipsantjordi-massanet\/wp-content\/uploads\/usu391\/2023\/09\/c2c55069-f3f1-4fca-b0c2-3ae09a8e0e34-300x225.jpg 300w, https:\/\/agora.xtec.cat\/ceipsantjordi-massanet\/wp-content\/uploads\/usu391\/2023\/09\/c2c55069-f3f1-4fca-b0c2-3ae09a8e0e34-768x576.jpg 768w, https:\/\/agora.xtec.cat\/ceipsantjordi-massanet\/wp-content\/uploads\/usu391\/2023\/09\/c2c55069-f3f1-4fca-b0c2-3ae09a8e0e34-1536x1152.jpg 1536w, https:\/\/agora.xtec.cat\/ceipsantjordi-massanet\/wp-content\/uploads\/usu391\/2023\/09\/c2c55069-f3f1-4fca-b0c2-3ae09a8e0e34-200x150.jpg 200w, https:\/\/agora.xtec.cat\/ceipsantjordi-massanet\/wp-content\/uploads\/usu391\/2023\/09\/c2c55069-f3f1-4fca-b0c2-3ae09a8e0e34.jpg 1600w\" sizes=\"auto, (max-width: 1024px) 100vw, 1024px\" \/><\/td>\n<\/tr>\n<tr>\n<td style=\"width: 33.3333%;\"><img loading=\"lazy\" decoding=\"async\" class=\"alignnone size-large wp-image-18766\" src=\"https:\/\/agora.xtec.cat\/ceipsantjordi-massanet\/wp-content\/uploads\/usu391\/2023\/09\/ca271f30-d058-4ca0-abd2-1498fa4a4b40-1024x768.jpg\" alt=\"\" width=\"1024\" height=\"768\" srcset=\"https:\/\/agora.xtec.cat\/ceipsantjordi-massanet\/wp-content\/uploads\/usu391\/2023\/09\/ca271f30-d058-4ca0-abd2-1498fa4a4b40-1024x768.jpg 1024w, https:\/\/agora.xtec.cat\/ceipsantjordi-massanet\/wp-content\/uploads\/usu391\/2023\/09\/ca271f30-d058-4ca0-abd2-1498fa4a4b40-300x225.jpg 300w, https:\/\/agora.xtec.cat\/ceipsantjordi-massanet\/wp-content\/uploads\/usu391\/2023\/09\/ca271f30-d058-4ca0-abd2-1498fa4a4b40-768x576.jpg 768w, https:\/\/agora.xtec.cat\/ceipsantjordi-massanet\/wp-content\/uploads\/usu391\/2023\/09\/ca271f30-d058-4ca0-abd2-1498fa4a4b40-1536x1152.jpg 1536w, https:\/\/agora.xtec.cat\/ceipsantjordi-massanet\/wp-content\/uploads\/usu391\/2023\/09\/ca271f30-d058-4ca0-abd2-1498fa4a4b40-200x150.jpg 200w, https:\/\/agora.xtec.cat\/ceipsantjordi-massanet\/wp-content\/uploads\/usu391\/2023\/09\/ca271f30-d058-4ca0-abd2-1498fa4a4b40.jpg 1600w\" sizes=\"auto, (max-width: 1024px) 100vw, 1024px\" \/><\/td>\n<td style=\"width: 33.3333%;\"><img loading=\"lazy\" decoding=\"async\" class=\"alignnone size-large wp-image-18767\" src=\"https:\/\/agora.xtec.cat\/ceipsantjordi-massanet\/wp-content\/uploads\/usu391\/2023\/09\/f51c842e-4097-42ee-bf34-fc4ea68c74b1-1024x768.jpg\" alt=\"\" width=\"1024\" height=\"768\" srcset=\"https:\/\/agora.xtec.cat\/ceipsantjordi-massanet\/wp-content\/uploads\/usu391\/2023\/09\/f51c842e-4097-42ee-bf34-fc4ea68c74b1-1024x768.jpg 1024w, https:\/\/agora.xtec.cat\/ceipsantjordi-massanet\/wp-content\/uploads\/usu391\/2023\/09\/f51c842e-4097-42ee-bf34-fc4ea68c74b1-300x225.jpg 300w, https:\/\/agora.xtec.cat\/ceipsantjordi-massanet\/wp-content\/uploads\/usu391\/2023\/09\/f51c842e-4097-42ee-bf34-fc4ea68c74b1-768x576.jpg 768w, https:\/\/agora.xtec.cat\/ceipsantjordi-massanet\/wp-content\/uploads\/usu391\/2023\/09\/f51c842e-4097-42ee-bf34-fc4ea68c74b1-1536x1152.jpg 1536w, https:\/\/agora.xtec.cat\/ceipsantjordi-massanet\/wp-content\/uploads\/usu391\/2023\/09\/f51c842e-4097-42ee-bf34-fc4ea68c74b1-200x150.jpg 200w, https:\/\/agora.xtec.cat\/ceipsantjordi-massanet\/wp-content\/uploads\/usu391\/2023\/09\/f51c842e-4097-42ee-bf34-fc4ea68c74b1.jpg 1600w\" sizes=\"auto, (max-width: 1024px) 100vw, 1024px\" \/><\/td>\n<td style=\"width: 33.3333%;\"><img loading=\"lazy\" decoding=\"async\" class=\"alignnone size-large wp-image-18764\" src=\"https:\/\/agora.xtec.cat\/ceipsantjordi-massanet\/wp-content\/uploads\/usu391\/2023\/09\/07132cad-86bb-4b8f-bc6a-5dee40f0a2cc-1024x768.jpg\" alt=\"\" width=\"1024\" height=\"768\" srcset=\"https:\/\/agora.xtec.cat\/ceipsantjordi-massanet\/wp-content\/uploads\/usu391\/2023\/09\/07132cad-86bb-4b8f-bc6a-5dee40f0a2cc-1024x768.jpg 1024w, https:\/\/agora.xtec.cat\/ceipsantjordi-massanet\/wp-content\/uploads\/usu391\/2023\/09\/07132cad-86bb-4b8f-bc6a-5dee40f0a2cc-300x225.jpg 300w, https:\/\/agora.xtec.cat\/ceipsantjordi-massanet\/wp-content\/uploads\/usu391\/2023\/09\/07132cad-86bb-4b8f-bc6a-5dee40f0a2cc-768x576.jpg 768w, https:\/\/agora.xtec.cat\/ceipsantjordi-massanet\/wp-content\/uploads\/usu391\/2023\/09\/07132cad-86bb-4b8f-bc6a-5dee40f0a2cc-1536x1152.jpg 1536w, https:\/\/agora.xtec.cat\/ceipsantjordi-massanet\/wp-content\/uploads\/usu391\/2023\/09\/07132cad-86bb-4b8f-bc6a-5dee40f0a2cc-200x150.jpg 200w, https:\/\/agora.xtec.cat\/ceipsantjordi-massanet\/wp-content\/uploads\/usu391\/2023\/09\/07132cad-86bb-4b8f-bc6a-5dee40f0a2cc.jpg 1600w\" sizes=\"auto, (max-width: 1024px) 100vw, 1024px\" \/><\/td>\n<\/tr>\n<\/tbody>\n<\/table>\n<p>&nbsp;<\/p>\n","protected":false},"excerpt":{"rendered":"<p>Aquest estiu la Comunitat Educativa ha participat per poder comen\u00e7ar el curs amb les aules ben pintades. Aquestes s\u00f3n les que ha pintat l&#8217;AMPA. Moltes Gr\u00e0cies!<\/p>\n<p>&nbsp;<\/p>\n","protected":false},"author":4,"featured_media":0,"comment_status":"open","ping_status":"closed","sticky":false,"template":"","format":"standard","meta":{"_bbp_topic_count":0,"_bbp_reply_count":0,"_bbp_total_topic_count":0,"_bbp_total_reply_count":0,"_bbp_voice_count":0,"_bbp_anonymous_reply_count":0,"_bbp_topic_count_hidden":0,"_bbp_reply_count_hidden":0,"_bbp_forum_subforum_count":0,"footnotes":""},"categories":[7,4],"tags":[],"class_list":["post-18762","post","type-post","status-publish","format-standard","hentry","category-ampa","category-portada"],"post_mailing_queue_ids":[],"_links":{"self":[{"href":"https:\/\/agora.xtec.cat\/ceipsantjordi-massanet\/wp-json\/wp\/v2\/posts\/18762","targetHints":{"allow":["GET"]}}],"collection":[{"href":"https:\/\/agora.xtec.cat\/ceipsantjordi-massanet\/wp-json\/wp\/v2\/posts"}],"about":[{"href":"https:\/\/agora.xtec.cat\/ceipsantjordi-massanet\/wp-json\/wp\/v2\/types\/post"}],"author":[{"embeddable":true,"href":"https:\/\/agora.xtec.cat\/ceipsantjordi-massanet\/wp-json\/wp\/v2\/users\/4"}],"replies":[{"embeddable":true,"href":"https:\/\/agora.xtec.cat\/ceipsantjordi-massanet\/wp-json\/wp\/v2\/comments?post=18762"}],"version-history":[{"count":2,"href":"https:\/\/agora.xtec.cat\/ceipsantjordi-massanet\/wp-json\/wp\/v2\/posts\/18762\/revisions"}],"predecessor-version":[{"id":18769,"href":"https:\/\/agora.xtec.cat\/ceipsantjordi-massanet\/wp-json\/wp\/v2\/posts\/18762\/revisions\/18769"}],"wp:attachment":[{"href":"https:\/\/agora.xtec.cat\/ceipsantjordi-massanet\/wp-json\/wp\/v2\/media?parent=18762"}],"wp:term":[{"taxonomy":"category","embeddable":true,"href":"https:\/\/agora.xtec.cat\/ceipsantjordi-massanet\/wp-json\/wp\/v2\/categories?post=18762"},{"taxonomy":"post_tag","embeddable":true,"href":"https:\/\/agora.xtec.cat\/ceipsantjordi-massanet\/wp-json\/wp\/v2\/tags?post=18762"}],"curies":[{"name":"wp","href":"https:\/\/api.w.org\/{rel}","templated":true}]}}