{"id":18546,"date":"2023-05-30T12:16:33","date_gmt":"2023-05-30T10:16:33","guid":{"rendered":"https:\/\/agora.xtec.cat\/ceipsantjordi-massanet\/?p=18546"},"modified":"2023-05-31T12:54:57","modified_gmt":"2023-05-31T10:54:57","slug":"inscripcio-al-menjador-escolar","status":"publish","type":"post","link":"https:\/\/agora.xtec.cat\/ceipsantjordi-massanet\/general\/inscripcio-al-menjador-escolar\/","title":{"rendered":"INSCRIPCI\u00d3 AL MENJADOR ESCOLAR"},"content":{"rendered":"<h5>Aquest full \u00e9s per fer la inscripci\u00f3 al menjador el curs vinent.<\/h5>\n<h5>L&#8217;heu d&#8217;omplir i entregar abans d&#8217;acabar el curs, teniu des del dia 31 de maig fins el dia 16 de juny. Hi haur\u00e0 c\u00f2pies a l&#8217;escola per si ho voleu tenir ja impr\u00e8s.<\/h5>\n<div><\/div>\n<p><iframe loading=\"lazy\" src=\"https:\/\/drive.google.com\/file\/d\/1bx1eyqe_uXiAioR30KFAHvlUhDIFED5R\/preview\" width=\"800\" height=\"600\"><\/iframe><\/p>\n","protected":false},"excerpt":{"rendered":"<p>Aquest full \u00e9s per fer la inscripci\u00f3 al menjador el curs vinent.<br \/>\nL&#8217;heu d&#8217;omplir i entregar abans d&#8217;acabar el curs, teniu des del dia 31 de maig fins el dia 16 de juny. Hi haur\u00e0 c\u00f2pies a l&#8217;escola per si ho voleu tenir ja impr\u00e8s.<\/p>\n","protected":false},"author":4,"featured_media":0,"comment_status":"open","ping_status":"closed","sticky":false,"template":"","format":"standard","meta":{"_bbp_topic_count":0,"_bbp_reply_count":0,"_bbp_total_topic_count":0,"_bbp_total_reply_count":0,"_bbp_voice_count":0,"_bbp_anonymous_reply_count":0,"_bbp_topic_count_hidden":0,"_bbp_reply_count_hidden":0,"_bbp_forum_subforum_count":0,"footnotes":""},"categories":[1],"tags":[],"class_list":["post-18546","post","type-post","status-publish","format-standard","hentry","category-general"],"post_mailing_queue_ids":[],"_links":{"self":[{"href":"https:\/\/agora.xtec.cat\/ceipsantjordi-massanet\/wp-json\/wp\/v2\/posts\/18546","targetHints":{"allow":["GET"]}}],"collection":[{"href":"https:\/\/agora.xtec.cat\/ceipsantjordi-massanet\/wp-json\/wp\/v2\/posts"}],"about":[{"href":"https:\/\/agora.xtec.cat\/ceipsantjordi-massanet\/wp-json\/wp\/v2\/types\/post"}],"author":[{"embeddable":true,"href":"https:\/\/agora.xtec.cat\/ceipsantjordi-massanet\/wp-json\/wp\/v2\/users\/4"}],"replies":[{"embeddable":true,"href":"https:\/\/agora.xtec.cat\/ceipsantjordi-massanet\/wp-json\/wp\/v2\/comments?post=18546"}],"version-history":[{"count":3,"href":"https:\/\/agora.xtec.cat\/ceipsantjordi-massanet\/wp-json\/wp\/v2\/posts\/18546\/revisions"}],"predecessor-version":[{"id":18559,"href":"https:\/\/agora.xtec.cat\/ceipsantjordi-massanet\/wp-json\/wp\/v2\/posts\/18546\/revisions\/18559"}],"wp:attachment":[{"href":"https:\/\/agora.xtec.cat\/ceipsantjordi-massanet\/wp-json\/wp\/v2\/media?parent=18546"}],"wp:term":[{"taxonomy":"category","embeddable":true,"href":"https:\/\/agora.xtec.cat\/ceipsantjordi-massanet\/wp-json\/wp\/v2\/categories?post=18546"},{"taxonomy":"post_tag","embeddable":true,"href":"https:\/\/agora.xtec.cat\/ceipsantjordi-massanet\/wp-json\/wp\/v2\/tags?post=18546"}],"curies":[{"name":"wp","href":"https:\/\/api.w.org\/{rel}","templated":true}]}}