{"id":18400,"date":"2023-05-01T18:33:45","date_gmt":"2023-05-01T16:33:45","guid":{"rendered":"https:\/\/agora.xtec.cat\/ceipsantjordi-massanet\/?p=18400"},"modified":"2023-05-28T12:45:48","modified_gmt":"2023-05-28T10:45:48","slug":"formacio-per-a-les-families-menjador","status":"publish","type":"post","link":"https:\/\/agora.xtec.cat\/ceipsantjordi-massanet\/portada\/formacio-per-a-les-families-menjador\/","title":{"rendered":"FORMACI\u00d3 PER A LES FAM\u00cdLIES (MENJADOR)"},"content":{"rendered":"<p>Bon dia,<\/p>\n<p>Us fem arribar <a href=\"https:\/\/teams.microsoft.com\/dl\/launcher\/launcher.html?url=%2F_%23%2Fl%2Fmeetup-join%2F19%3Ameeting_NjliOGNhYWEtOTM3MS00YzQ3LTk5ZDUtZTVlMDNhZDMwMjRh%40thread.v2%2F0%3Fcontext%3D%257b%2522Tid%2522%253a%2522b1519f0f-2dbf-4e21-bf34-a686ce97588a%2522%252c%2522Oid%2522%253a%25229b884616-2c72-411f-8b20-42c43c13fbce%2522%257d%26anon%3Dtrue&amp;type=meetup-join&amp;deeplinkId=137a75a8-4366-4b9e-9626-cd032a289b93&amp;directDl=true&amp;msLaunch=true&amp;enableMobilePage=true&amp;suppressPrompt=true\">el seg\u00fcent enlla\u00e7<\/a> per tal el pugueu fer extensiu a les fam\u00edlies del centre usu\u00e0ries del menjador, el motiu \u00e9s fer una breu sessi\u00f3 informativa en relaci\u00f3 als men\u00fas i les elaboracions del dia a dia del servei.<\/p>\n<p>La reuni\u00f3 la relitzarem v\u00eda Teams, el dia 24 de 19:00 a 19:30h aproximadament, si us sorgeix qualsevol q\u00fcesti\u00f3 no dubteu en adre\u00e7ar-vos a nosaltres al correu Martinez-Montserrat@aramark.es<\/p>\n<p><a href=\"https:\/\/teams.microsoft.com\/dl\/launcher\/launcher.html?url=%2F_%23%2Fl%2Fmeetup-join%2F19%3Ameeting_NjliOGNhYWEtOTM3MS00YzQ3LTk5ZDUtZTVlMDNhZDMwMjRh%40thread.v2%2F0%3Fcontext%3D%257b%2522Tid%2522%253a%2522b1519f0f-2dbf-4e21-bf34-a686ce97588a%2522%252c%2522Oid%2522%253a%25229b884616-2c72-411f-8b20-42c43c13fbce%2522%257d%26anon%3Dtrue&amp;type=meetup-join&amp;deeplinkId=137a75a8-4366-4b9e-9626-cd032a289b93&amp;directDl=true&amp;msLaunch=true&amp;enableMobilePage=true&amp;suppressPrompt=true\"><img loading=\"lazy\" decoding=\"async\" class=\"alignnone size-large\" src=\"https:\/\/agora.xtec.cat\/ceipsarroca\/wp-content\/uploads\/usu623\/2020\/09\/projecte_aramark.jpg\" width=\"796\" height=\"560\" \/><\/a><\/p>\n","protected":false},"excerpt":{"rendered":"<p>Bon dia,<br \/>\nUs fem arribar <a href=\"https:\/\/teams.microsoft.com\/dl\/launcher\/launcher.html?url=%2F_%23%2Fl%2Fmeetup-join%2F19%3Ameeting_NjliOGNhYWEtOTM3MS00YzQ3LTk5ZDUtZTVlMDNhZDMwMjRh%40thread.v2%2F0%3Fcontext%3D%257b%2522Tid%2522%253a%2522b1519f0f-2dbf-4e21-bf34-a686ce97588a%2522%252c%2522Oid%2522%253a%25229b884616-2c72-411f-8b20-42c43c13fbce%2522%257d%26anon%3Dtrue&amp;type=meetup-join&amp;deeplinkId=137a75a8-4366-4b9e-9626-cd032a289b93&amp;directDl=true&amp;msLaunch=true&amp;enableMobilePage=true&amp;suppressPrompt=true\">el seg\u00fcent enlla\u00e7<\/a> per tal el pugueu fer extensiu a les fam\u00edlies del centre usu\u00e0ries del menjador, el motiu \u00e9s fer una breu sessi\u00f3 informativa en relaci\u00f3 als men\u00fas i les elaboracions del dia a dia del servei.<br \/>\nLa reuni\u00f3 la&hellip;  <a href=\"https:\/\/agora.xtec.cat\/ceipsantjordi-massanet\/portada\/formacio-per-a-les-families-menjador\/\" title=\"Read FORMACI\u00d3 PER A LES FAM\u00cdLIES (MENJADOR)\">Llegeix m\u00e9s\u00bb<\/a><\/p>\n","protected":false},"author":4,"featured_media":0,"comment_status":"open","ping_status":"closed","sticky":false,"template":"","format":"standard","meta":{"_bbp_topic_count":0,"_bbp_reply_count":0,"_bbp_total_topic_count":0,"_bbp_total_reply_count":0,"_bbp_voice_count":0,"_bbp_anonymous_reply_count":0,"_bbp_topic_count_hidden":0,"_bbp_reply_count_hidden":0,"_bbp_forum_subforum_count":0,"footnotes":""},"categories":[4],"tags":[],"class_list":["post-18400","post","type-post","status-publish","format-standard","hentry","category-portada"],"post_mailing_queue_ids":[],"_links":{"self":[{"href":"https:\/\/agora.xtec.cat\/ceipsantjordi-massanet\/wp-json\/wp\/v2\/posts\/18400","targetHints":{"allow":["GET"]}}],"collection":[{"href":"https:\/\/agora.xtec.cat\/ceipsantjordi-massanet\/wp-json\/wp\/v2\/posts"}],"about":[{"href":"https:\/\/agora.xtec.cat\/ceipsantjordi-massanet\/wp-json\/wp\/v2\/types\/post"}],"author":[{"embeddable":true,"href":"https:\/\/agora.xtec.cat\/ceipsantjordi-massanet\/wp-json\/wp\/v2\/users\/4"}],"replies":[{"embeddable":true,"href":"https:\/\/agora.xtec.cat\/ceipsantjordi-massanet\/wp-json\/wp\/v2\/comments?post=18400"}],"version-history":[{"count":1,"href":"https:\/\/agora.xtec.cat\/ceipsantjordi-massanet\/wp-json\/wp\/v2\/posts\/18400\/revisions"}],"predecessor-version":[{"id":18401,"href":"https:\/\/agora.xtec.cat\/ceipsantjordi-massanet\/wp-json\/wp\/v2\/posts\/18400\/revisions\/18401"}],"wp:attachment":[{"href":"https:\/\/agora.xtec.cat\/ceipsantjordi-massanet\/wp-json\/wp\/v2\/media?parent=18400"}],"wp:term":[{"taxonomy":"category","embeddable":true,"href":"https:\/\/agora.xtec.cat\/ceipsantjordi-massanet\/wp-json\/wp\/v2\/categories?post=18400"},{"taxonomy":"post_tag","embeddable":true,"href":"https:\/\/agora.xtec.cat\/ceipsantjordi-massanet\/wp-json\/wp\/v2\/tags?post=18400"}],"curies":[{"name":"wp","href":"https:\/\/api.w.org\/{rel}","templated":true}]}}