{"id":18282,"date":"2023-04-24T20:53:52","date_gmt":"2023-04-24T18:53:52","guid":{"rendered":"https:\/\/agora.xtec.cat\/ceipsantjordi-massanet\/?p=18282"},"modified":"2023-04-24T21:10:15","modified_gmt":"2023-04-24T19:10:15","slug":"la-canco-del-drac","status":"publish","type":"post","link":"https:\/\/agora.xtec.cat\/ceipsantjordi-massanet\/general\/la-canco-del-drac\/","title":{"rendered":"La can\u00e7\u00f3 del drac"},"content":{"rendered":"<p>Aquesta \u00e9s la primera proposta de la Can\u00e7\u00f3 per al Drac de l&#8217;Escola&#8230; Encara no sabem quin nom tindr\u00e0 per\u00f2 la can\u00e7\u00f3 ben b\u00e9 podria ser aquesta que ens canta en Joan Reig, bateria del grup &#8220;Els Pets&#8221; i que forma part de una cantata de Sant Jordi&#8230;<\/p>\n<p><iframe loading=\"lazy\" title=\"CANC\u0327O\u0301 DEL DRAC AMB VEU\" width=\"500\" height=\"281\" src=\"https:\/\/www.youtube.com\/embed\/piTliHKo7Qw?feature=oembed\" frameborder=\"0\" allow=\"accelerometer; autoplay; clipboard-write; encrypted-media; gyroscope; picture-in-picture; web-share\" referrerpolicy=\"strict-origin-when-cross-origin\" allowfullscreen><\/iframe><\/p>\n<p><iframe loading=\"lazy\" title=\"DRAC KARAOKE\" width=\"500\" height=\"281\" src=\"https:\/\/www.youtube.com\/embed\/-rc7B467F04?feature=oembed\" frameborder=\"0\" allow=\"accelerometer; autoplay; clipboard-write; encrypted-media; gyroscope; picture-in-picture; web-share\" referrerpolicy=\"strict-origin-when-cross-origin\" allowfullscreen><\/iframe><\/p>\n","protected":false},"excerpt":{"rendered":"<p>Aquesta \u00e9s la primera proposta de la Can\u00e7\u00f3 per al Drac de l&#8217;Escola&#8230; Encara no sabem quin nom tindr\u00e0 per\u00f2 la can\u00e7\u00f3 ben b\u00e9 podria ser aquesta que ens canta en Joan Reig, bateria del grup &#8220;Els Pets&#8221; i que forma part de una cantata&hellip;  <a href=\"https:\/\/agora.xtec.cat\/ceipsantjordi-massanet\/general\/la-canco-del-drac\/\" title=\"Read La can\u00e7\u00f3 del drac\">Llegeix m\u00e9s\u00bb<\/a><\/p>\n","protected":false},"author":4,"featured_media":18283,"comment_status":"open","ping_status":"closed","sticky":false,"template":"","format":"standard","meta":{"_bbp_topic_count":0,"_bbp_reply_count":0,"_bbp_total_topic_count":0,"_bbp_total_reply_count":0,"_bbp_voice_count":0,"_bbp_anonymous_reply_count":0,"_bbp_topic_count_hidden":0,"_bbp_reply_count_hidden":0,"_bbp_forum_subforum_count":0,"footnotes":""},"categories":[1],"tags":[],"class_list":["post-18282","post","type-post","status-publish","format-standard","has-post-thumbnail","hentry","category-general"],"post_mailing_queue_ids":[],"_links":{"self":[{"href":"https:\/\/agora.xtec.cat\/ceipsantjordi-massanet\/wp-json\/wp\/v2\/posts\/18282","targetHints":{"allow":["GET"]}}],"collection":[{"href":"https:\/\/agora.xtec.cat\/ceipsantjordi-massanet\/wp-json\/wp\/v2\/posts"}],"about":[{"href":"https:\/\/agora.xtec.cat\/ceipsantjordi-massanet\/wp-json\/wp\/v2\/types\/post"}],"author":[{"embeddable":true,"href":"https:\/\/agora.xtec.cat\/ceipsantjordi-massanet\/wp-json\/wp\/v2\/users\/4"}],"replies":[{"embeddable":true,"href":"https:\/\/agora.xtec.cat\/ceipsantjordi-massanet\/wp-json\/wp\/v2\/comments?post=18282"}],"version-history":[{"count":2,"href":"https:\/\/agora.xtec.cat\/ceipsantjordi-massanet\/wp-json\/wp\/v2\/posts\/18282\/revisions"}],"predecessor-version":[{"id":18285,"href":"https:\/\/agora.xtec.cat\/ceipsantjordi-massanet\/wp-json\/wp\/v2\/posts\/18282\/revisions\/18285"}],"wp:featuredmedia":[{"embeddable":true,"href":"https:\/\/agora.xtec.cat\/ceipsantjordi-massanet\/wp-json\/wp\/v2\/media\/18283"}],"wp:attachment":[{"href":"https:\/\/agora.xtec.cat\/ceipsantjordi-massanet\/wp-json\/wp\/v2\/media?parent=18282"}],"wp:term":[{"taxonomy":"category","embeddable":true,"href":"https:\/\/agora.xtec.cat\/ceipsantjordi-massanet\/wp-json\/wp\/v2\/categories?post=18282"},{"taxonomy":"post_tag","embeddable":true,"href":"https:\/\/agora.xtec.cat\/ceipsantjordi-massanet\/wp-json\/wp\/v2\/tags?post=18282"}],"curies":[{"name":"wp","href":"https:\/\/api.w.org\/{rel}","templated":true}]}}