{"id":1796,"date":"2016-01-01T12:04:25","date_gmt":"2016-01-01T11:04:25","guid":{"rendered":"http:\/\/agora.xtec.cat\/ceipsantjordi-massanet\/?p=1796"},"modified":"2016-01-20T13:13:15","modified_gmt":"2016-01-20T12:13:15","slug":"concert-de-nadal","status":"publish","type":"post","link":"https:\/\/agora.xtec.cat\/ceipsantjordi-massanet\/portada\/concert-de-nadal\/","title":{"rendered":"Concert de nadal"},"content":{"rendered":"<p><a href=\"http:\/\/agora.xtec.cat\/ceipsantjordi-massanet\/comunitat\/cantada-de-nadal\/\"><img loading=\"lazy\" decoding=\"async\" class=\" size-full wp-image-1797 aligncenter\" src=\"http:\/\/agora.xtec.cat\/ceipsantjordi-massanet\/wp-content\/uploads\/usu391\/2016\/01\/portmus.png\" alt=\"portmus\" width=\"239\" height=\"136\" \/><\/a><\/p>\n<p>Clica a la foto per anar a la p\u00e0gina de la CANTADA DE NADAL 2016. La p\u00e0gina cont\u00e9 4 v\u00eddeos amb les actuacions dels nens i nenes de l&#8217;escola a &#8220;La Societat&#8221; de Ma\u00e7anet. Donem gr\u00e0cies a l&#8217;Ajuntament i al personal de la sala per la seva col\u00b7laboraci\u00f3!<\/p>\n<p>&nbsp;<\/p>\n","protected":false},"excerpt":{"rendered":"<p><a href=\"http:\/\/agora.xtec.cat\/ceipsantjordi-massanet\/comunitat\/cantada-de-nadal\/\"><\/a><br \/>\nClica a la foto per anar a la p\u00e0gina de la CANTADA DE NADAL 2016. La p\u00e0gina cont\u00e9 4 v\u00eddeos amb les actuacions dels nens i nenes de l&#8217;escola a &#8220;La Societat&#8221; de Ma\u00e7anet. Donem gr\u00e0cies a l&#8217;Ajuntament i al personal de la sala&hellip;  <a href=\"https:\/\/agora.xtec.cat\/ceipsantjordi-massanet\/portada\/concert-de-nadal\/\" title=\"Read Concert de nadal\">Llegeix m\u00e9s\u00bb<\/a><\/p>\n","protected":false},"author":4,"featured_media":0,"comment_status":"open","ping_status":"open","sticky":false,"template":"","format":"standard","meta":{"_bbp_topic_count":0,"_bbp_reply_count":0,"_bbp_total_topic_count":0,"_bbp_total_reply_count":0,"_bbp_voice_count":0,"_bbp_anonymous_reply_count":0,"_bbp_topic_count_hidden":0,"_bbp_reply_count_hidden":0,"_bbp_forum_subforum_count":0,"footnotes":""},"categories":[4],"tags":[],"class_list":["post-1796","post","type-post","status-publish","format-standard","hentry","category-portada"],"post_mailing_queue_ids":[],"_links":{"self":[{"href":"https:\/\/agora.xtec.cat\/ceipsantjordi-massanet\/wp-json\/wp\/v2\/posts\/1796","targetHints":{"allow":["GET"]}}],"collection":[{"href":"https:\/\/agora.xtec.cat\/ceipsantjordi-massanet\/wp-json\/wp\/v2\/posts"}],"about":[{"href":"https:\/\/agora.xtec.cat\/ceipsantjordi-massanet\/wp-json\/wp\/v2\/types\/post"}],"author":[{"embeddable":true,"href":"https:\/\/agora.xtec.cat\/ceipsantjordi-massanet\/wp-json\/wp\/v2\/users\/4"}],"replies":[{"embeddable":true,"href":"https:\/\/agora.xtec.cat\/ceipsantjordi-massanet\/wp-json\/wp\/v2\/comments?post=1796"}],"version-history":[{"count":3,"href":"https:\/\/agora.xtec.cat\/ceipsantjordi-massanet\/wp-json\/wp\/v2\/posts\/1796\/revisions"}],"predecessor-version":[{"id":1845,"href":"https:\/\/agora.xtec.cat\/ceipsantjordi-massanet\/wp-json\/wp\/v2\/posts\/1796\/revisions\/1845"}],"wp:attachment":[{"href":"https:\/\/agora.xtec.cat\/ceipsantjordi-massanet\/wp-json\/wp\/v2\/media?parent=1796"}],"wp:term":[{"taxonomy":"category","embeddable":true,"href":"https:\/\/agora.xtec.cat\/ceipsantjordi-massanet\/wp-json\/wp\/v2\/categories?post=1796"},{"taxonomy":"post_tag","embeddable":true,"href":"https:\/\/agora.xtec.cat\/ceipsantjordi-massanet\/wp-json\/wp\/v2\/tags?post=1796"}],"curies":[{"name":"wp","href":"https:\/\/api.w.org\/{rel}","templated":true}]}}