{"id":17904,"date":"2023-03-01T12:23:03","date_gmt":"2023-03-01T11:23:03","guid":{"rendered":"https:\/\/agora.xtec.cat\/ceipsantjordi-massanet\/?p=17904"},"modified":"2023-03-01T12:23:03","modified_gmt":"2023-03-01T11:23:03","slug":"cortines-noves","status":"publish","type":"post","link":"https:\/\/agora.xtec.cat\/ceipsantjordi-massanet\/infantil\/cortines-noves\/","title":{"rendered":"CORTINES NOVES."},"content":{"rendered":"<p>L&#8217;AMPA ens ha comprat aquestes magn\u00edfiques cortines per a la sala de Psicomotricitat. Poc a poc anem arribant a deixar l&#8217;escola ben endre\u00e7ada com abans de la inundaci\u00f3&#8230; Novament MOLTES GR\u00c0CIES!<\/p>\n<p><a href=\"https:\/\/youtube.com\/shorts\/axbLdyj2Bz8?\"><img loading=\"lazy\" decoding=\"async\" class=\"alignnone size-full wp-image-17905\" src=\"https:\/\/agora.xtec.cat\/ceipsantjordi-massanet\/wp-content\/uploads\/usu391\/2023\/03\/Captura-de-pantalla-2023-03-01-a-les-12.21.52.png\" alt=\"\" width=\"327\" height=\"579\" srcset=\"https:\/\/agora.xtec.cat\/ceipsantjordi-massanet\/wp-content\/uploads\/usu391\/2023\/03\/Captura-de-pantalla-2023-03-01-a-les-12.21.52.png 327w, https:\/\/agora.xtec.cat\/ceipsantjordi-massanet\/wp-content\/uploads\/usu391\/2023\/03\/Captura-de-pantalla-2023-03-01-a-les-12.21.52-169x300.png 169w\" sizes=\"auto, (max-width: 327px) 100vw, 327px\" \/><\/a><\/p>\n","protected":false},"excerpt":{"rendered":"<p>L&#8217;AMPA ens ha comprat aquestes magn\u00edfiques cortines per a la sala de Psicomotricitat. Poc a poc anem arribant a deixar l&#8217;escola ben endre\u00e7ada com abans de la inundaci\u00f3&#8230; Novament MOLTES GR\u00c0CIES!<br \/>\n<a href=\"https:\/\/youtube.com\/shorts\/axbLdyj2Bz8?\"><\/a><\/p>\n","protected":false},"author":4,"featured_media":0,"comment_status":"open","ping_status":"closed","sticky":false,"template":"","format":"standard","meta":{"_bbp_topic_count":0,"_bbp_reply_count":0,"_bbp_total_topic_count":0,"_bbp_total_reply_count":0,"_bbp_voice_count":0,"_bbp_anonymous_reply_count":0,"_bbp_topic_count_hidden":0,"_bbp_reply_count_hidden":0,"_bbp_forum_subforum_count":0,"footnotes":""},"categories":[105,106,107,2,4],"tags":[],"class_list":["post-17904","post","type-post","status-publish","format-standard","hentry","category-i3","category-i4","category-i5","category-infantil","category-portada"],"post_mailing_queue_ids":[],"_links":{"self":[{"href":"https:\/\/agora.xtec.cat\/ceipsantjordi-massanet\/wp-json\/wp\/v2\/posts\/17904","targetHints":{"allow":["GET"]}}],"collection":[{"href":"https:\/\/agora.xtec.cat\/ceipsantjordi-massanet\/wp-json\/wp\/v2\/posts"}],"about":[{"href":"https:\/\/agora.xtec.cat\/ceipsantjordi-massanet\/wp-json\/wp\/v2\/types\/post"}],"author":[{"embeddable":true,"href":"https:\/\/agora.xtec.cat\/ceipsantjordi-massanet\/wp-json\/wp\/v2\/users\/4"}],"replies":[{"embeddable":true,"href":"https:\/\/agora.xtec.cat\/ceipsantjordi-massanet\/wp-json\/wp\/v2\/comments?post=17904"}],"version-history":[{"count":1,"href":"https:\/\/agora.xtec.cat\/ceipsantjordi-massanet\/wp-json\/wp\/v2\/posts\/17904\/revisions"}],"predecessor-version":[{"id":17906,"href":"https:\/\/agora.xtec.cat\/ceipsantjordi-massanet\/wp-json\/wp\/v2\/posts\/17904\/revisions\/17906"}],"wp:attachment":[{"href":"https:\/\/agora.xtec.cat\/ceipsantjordi-massanet\/wp-json\/wp\/v2\/media?parent=17904"}],"wp:term":[{"taxonomy":"category","embeddable":true,"href":"https:\/\/agora.xtec.cat\/ceipsantjordi-massanet\/wp-json\/wp\/v2\/categories?post=17904"},{"taxonomy":"post_tag","embeddable":true,"href":"https:\/\/agora.xtec.cat\/ceipsantjordi-massanet\/wp-json\/wp\/v2\/tags?post=17904"}],"curies":[{"name":"wp","href":"https:\/\/api.w.org\/{rel}","templated":true}]}}