{"id":16987,"date":"2022-10-21T15:47:15","date_gmt":"2022-10-21T13:47:15","guid":{"rendered":"https:\/\/agora.xtec.cat\/ceipsantjordi-massanet\/?p=16987"},"modified":"2022-10-21T16:12:08","modified_gmt":"2022-10-21T14:12:08","slug":"gracies-a-tothom","status":"publish","type":"post","link":"https:\/\/agora.xtec.cat\/ceipsantjordi-massanet\/portada\/gracies-a-tothom\/","title":{"rendered":"DECORACI\u00d3 DE TARDOR"},"content":{"rendered":"\r\n\t<div class=\"slideshow_container slideshow_container_style-light\" style=\"height: 600px; \" data-slideshow-id=\"16989\" data-style-name=\"style-light\" data-style-version=\"2.3.1\" >\r\n\r\n\t\t\t\t\t<div class=\"slideshow_loading_icon\"><\/div>\r\n\t\t\r\n\t\t<div class=\"slideshow_content\" style=\"display: none;\">\r\n\r\n\t\t\t<div class=\"slideshow_view\">\r\n\t\t\t\t<div class=\"slideshow_slide slideshow_slide_image\">\r\n\t\t\t\t\t\t\t\t\t\t\t<img src=\"https:\/\/agora.xtec.cat\/ceipsantjordi-massanet\/wp-content\/uploads\/usu391\/2022\/10\/Captura-de-pantalla-2022-10-21-a-les-15.49.57.png\" alt=\"Captura de pantalla 2022-10-21 a les 15.49.57\" width=\"972\" height=\"727\" \/>\r\n\t\t\t\t\t\t\t\t\t\t<div class=\"slideshow_description_box slideshow_transparent\">\r\n\t\t\t\t\t\t<div class=\"slideshow_title\">Captura de pantalla 2022-10-21 a les 15.49.57<\/div>\t\t\t\t\t\t\t\t\t\t\t<\/div>\r\n\t\t\t\t<\/div>\r\n\r\n\t\t\t\t\t\t<div style=\"clear: both;\"><\/div><\/div><div class=\"slideshow_view\">\r\n\t\t\t\t<div class=\"slideshow_slide slideshow_slide_image\">\r\n\t\t\t\t\t\t\t\t\t\t\t<img src=\"https:\/\/agora.xtec.cat\/ceipsantjordi-massanet\/wp-content\/uploads\/usu391\/2022\/10\/Captura-de-pantalla-2022-10-21-a-les-15.49.45.png\" alt=\"Captura de pantalla 2022-10-21 a les 15.49.45\" width=\"976\" height=\"728\" \/>\r\n\t\t\t\t\t\t\t\t\t\t<div class=\"slideshow_description_box slideshow_transparent\">\r\n\t\t\t\t\t\t<div class=\"slideshow_title\">Captura de pantalla 2022-10-21 a les 15.49.45<\/div>\t\t\t\t\t\t\t\t\t\t\t<\/div>\r\n\t\t\t\t<\/div>\r\n\r\n\t\t\t\t\t\t<div style=\"clear: both;\"><\/div><\/div><div class=\"slideshow_view\">\r\n\t\t\t\t<div class=\"slideshow_slide slideshow_slide_image\">\r\n\t\t\t\t\t\t\t\t\t\t\t<img src=\"https:\/\/agora.xtec.cat\/ceipsantjordi-massanet\/wp-content\/uploads\/usu391\/2022\/10\/Captura-de-pantalla-2022-10-21-a-les-15.49.34.png\" alt=\"Captura de pantalla 2022-10-21 a les 15.49.34\" width=\"969\" height=\"724\" \/>\r\n\t\t\t\t\t\t\t\t\t\t<div class=\"slideshow_description_box slideshow_transparent\">\r\n\t\t\t\t\t\t<div class=\"slideshow_title\">Captura de pantalla 2022-10-21 a les 15.49.34<\/div>\t\t\t\t\t\t\t\t\t\t\t<\/div>\r\n\t\t\t\t<\/div>\r\n\r\n\t\t\t\t\t\t<div style=\"clear: both;\"><\/div><\/div><div class=\"slideshow_view\">\r\n\t\t\t\t<div class=\"slideshow_slide slideshow_slide_image\">\r\n\t\t\t\t\t\t\t\t\t\t\t<img src=\"https:\/\/agora.xtec.cat\/ceipsantjordi-massanet\/wp-content\/uploads\/usu391\/2022\/10\/Captura-de-pantalla-2022-10-21-a-les-15.49.25.png\" alt=\"Captura de pantalla 2022-10-21 a les 15.49.25\" width=\"969\" height=\"725\" \/>\r\n\t\t\t\t\t\t\t\t\t\t<div class=\"slideshow_description_box slideshow_transparent\">\r\n\t\t\t\t\t\t<div class=\"slideshow_title\">Captura de pantalla 2022-10-21 a les 15.49.25<\/div>\t\t\t\t\t\t\t\t\t\t\t<\/div>\r\n\t\t\t\t<\/div>\r\n\r\n\t\t\t\t\t\t<div style=\"clear: both;\"><\/div><\/div><div class=\"slideshow_view\">\r\n\t\t\t\t<div class=\"slideshow_slide slideshow_slide_image\">\r\n\t\t\t\t\t\t\t\t\t\t\t<img src=\"https:\/\/agora.xtec.cat\/ceipsantjordi-massanet\/wp-content\/uploads\/usu391\/2022\/10\/Captura-de-pantalla-2022-10-21-a-les-15.49.16.png\" alt=\"Captura de pantalla 2022-10-21 a les 15.49.16\" width=\"967\" height=\"727\" \/>\r\n\t\t\t\t\t\t\t\t\t\t<div class=\"slideshow_description_box slideshow_transparent\">\r\n\t\t\t\t\t\t<div class=\"slideshow_title\">Captura de pantalla 2022-10-21 a les 15.49.16<\/div>\t\t\t\t\t\t\t\t\t\t\t<\/div>\r\n\t\t\t\t<\/div>\r\n\r\n\t\t\t\t\t\t<div style=\"clear: both;\"><\/div><\/div><div class=\"slideshow_view\">\r\n\t\t\t\t<div class=\"slideshow_slide slideshow_slide_image\">\r\n\t\t\t\t\t\t\t\t\t\t\t<img src=\"https:\/\/agora.xtec.cat\/ceipsantjordi-massanet\/wp-content\/uploads\/usu391\/2022\/10\/Captura-de-pantalla-2022-10-21-a-les-15.49.06.png\" alt=\"Captura de pantalla 2022-10-21 a les 15.49.06\" width=\"972\" height=\"733\" \/>\r\n\t\t\t\t\t\t\t\t\t\t<div class=\"slideshow_description_box slideshow_transparent\">\r\n\t\t\t\t\t\t<div class=\"slideshow_title\">Captura de pantalla 2022-10-21 a les 15.49.06<\/div>\t\t\t\t\t\t\t\t\t\t\t<\/div>\r\n\t\t\t\t<\/div>\r\n\r\n\t\t\t\t\t\t<div style=\"clear: both;\"><\/div><\/div><div class=\"slideshow_view\">\r\n\t\t\t\t<div class=\"slideshow_slide slideshow_slide_image\">\r\n\t\t\t\t\t\t\t\t\t\t\t<img src=\"https:\/\/agora.xtec.cat\/ceipsantjordi-massanet\/wp-content\/uploads\/usu391\/2022\/10\/Captura-de-pantalla-2022-10-21-a-les-15.48.56.png\" alt=\"Captura de pantalla 2022-10-21 a les 15.48.56\" width=\"967\" height=\"726\" \/>\r\n\t\t\t\t\t\t\t\t\t\t<div class=\"slideshow_description_box slideshow_transparent\">\r\n\t\t\t\t\t\t<div class=\"slideshow_title\">Captura de pantalla 2022-10-21 a les 15.48.56<\/div>\t\t\t\t\t\t\t\t\t\t\t<\/div>\r\n\t\t\t\t<\/div>\r\n\r\n\t\t\t\t\t\t<div style=\"clear: both;\"><\/div><\/div><div class=\"slideshow_view\">\r\n\t\t\t\t<div class=\"slideshow_slide slideshow_slide_image\">\r\n\t\t\t\t\t\t\t\t\t\t\t<img src=\"https:\/\/agora.xtec.cat\/ceipsantjordi-massanet\/wp-content\/uploads\/usu391\/2022\/10\/Captura-de-pantalla-2022-10-21-a-les-15.48.44.png\" alt=\"Captura de pantalla 2022-10-21 a les 15.48.44\" width=\"977\" height=\"724\" \/>\r\n\t\t\t\t\t\t\t\t\t\t<div class=\"slideshow_description_box slideshow_transparent\">\r\n\t\t\t\t\t\t<div class=\"slideshow_title\">Captura de pantalla 2022-10-21 a les 15.48.44<\/div>\t\t\t\t\t\t\t\t\t\t\t<\/div>\r\n\t\t\t\t<\/div>\r\n\r\n\t\t\t\t\t\t<div style=\"clear: both;\"><\/div><\/div><div class=\"slideshow_view\">\r\n\t\t\t\t<div class=\"slideshow_slide slideshow_slide_image\">\r\n\t\t\t\t\t\t\t\t\t\t\t<img src=\"https:\/\/agora.xtec.cat\/ceipsantjordi-massanet\/wp-content\/uploads\/usu391\/2022\/10\/Captura-de-pantalla-2022-10-21-a-les-15.48.32.png\" alt=\"Captura de pantalla 2022-10-21 a les 15.48.32\" width=\"982\" height=\"730\" \/>\r\n\t\t\t\t\t\t\t\t\t\t<div class=\"slideshow_description_box slideshow_transparent\">\r\n\t\t\t\t\t\t<div class=\"slideshow_title\">Captura de pantalla 2022-10-21 a les 15.48.32<\/div>\t\t\t\t\t\t\t\t\t\t\t<\/div>\r\n\t\t\t\t<\/div>\r\n\r\n\t\t\t\t\t\t<div style=\"clear: both;\"><\/div><\/div>\r\n\t\t<\/div>\r\n\r\n\t\t<div class=\"slideshow_controlPanel slideshow_transparent\" style=\"display: none;\"><ul><li class=\"slideshow_togglePlay\" data-play-text=\"Visualitza\" data-pause-text=\"Pausa\"><\/li><\/ul><\/div>\r\n\r\n\t\t<div class=\"slideshow_button slideshow_previous slideshow_transparent\" role=\"button\" data-previous-text=\"Anterior\" style=\"display: none;\"><\/div>\r\n\t\t<div class=\"slideshow_button slideshow_next slideshow_transparent\" role=\"button\" data-next-text=\"Seg\u00fcent\" style=\"display: none;\"><\/div>\r\n\r\n\t\t<div class=\"slideshow_pagination\" style=\"display: none;\" data-go-to-text=\"V\u00e9s a la diapositiva\"><div class=\"slideshow_pagination_center\"><\/div><\/div>\r\n\r\n\t\t<!-- WordPress Slideshow Version 2.3.1 -->\r\n\r\n\t\t\t<\/div>\r\n\r\n\n<p>Amb les aportacions de les fam\u00edlies l&#8217;AMPA ha fet la decoraci\u00f3 de la tardor. Gr\u00e0cies a tothom qui hi ha participat!<\/p>\n<p>&nbsp;<\/p>\n","protected":false},"excerpt":{"rendered":"<p>\t\t\t\t\t\tCaptura de pantalla 2022-10-21 a les 15.49.57\t\t\t\t\t\t\t\t\t\t\t<\/p>\n<p>\t\t\t\t\t\tCaptura de pantalla 2022-10-21 a les 15.49.45\t\t\t\t\t\t\t\t\t\t\t<\/p>\n<p>\t\t\t\t\t\tCaptura de pantalla 2022-10-21 a les 15.49.34\t\t\t\t\t\t\t\t\t\t\t<\/p>\n<p>\t\t\t\t\t\tCaptura de pantalla 2022-10-21 a les 15.49.25\t\t\t\t\t\t\t\t\t\t\t<\/p>\n<p>\t\t\t\t\t\tCaptura de pantalla 2022-10-21 a les 15.49.16\t\t\t\t\t\t\t\t\t\t\t<\/p>\n<p>\t\t\t\t\t\tCaptura de pantalla 2022-10-21 a les 15.49.06\t\t\t\t\t\t\t\t\t\t\t<\/p>\n<p>\t\t\t\t\t\tCaptura de pantalla 2022-10-21 a les 15.48.56\t\t\t\t\t\t\t\t\t\t\t<\/p>\n<p>\t\t\t\t\t\tCaptura de pantalla&hellip;  <a href=\"https:\/\/agora.xtec.cat\/ceipsantjordi-massanet\/portada\/gracies-a-tothom\/\" title=\"Read DECORACI\u00d3 DE TARDOR\">Llegeix m\u00e9s\u00bb<\/a><\/p>\n","protected":false},"author":4,"featured_media":0,"comment_status":"open","ping_status":"closed","sticky":false,"template":"","format":"standard","meta":{"_bbp_topic_count":0,"_bbp_reply_count":0,"_bbp_total_topic_count":0,"_bbp_total_reply_count":0,"_bbp_voice_count":0,"_bbp_anonymous_reply_count":0,"_bbp_topic_count_hidden":0,"_bbp_reply_count_hidden":0,"_bbp_forum_subforum_count":0,"footnotes":""},"categories":[7,86,83,4],"tags":[],"class_list":["post-16987","post","type-post","status-publish","format-standard","hentry","category-ampa","category-decoracio","category-festes","category-portada"],"post_mailing_queue_ids":[],"_links":{"self":[{"href":"https:\/\/agora.xtec.cat\/ceipsantjordi-massanet\/wp-json\/wp\/v2\/posts\/16987","targetHints":{"allow":["GET"]}}],"collection":[{"href":"https:\/\/agora.xtec.cat\/ceipsantjordi-massanet\/wp-json\/wp\/v2\/posts"}],"about":[{"href":"https:\/\/agora.xtec.cat\/ceipsantjordi-massanet\/wp-json\/wp\/v2\/types\/post"}],"author":[{"embeddable":true,"href":"https:\/\/agora.xtec.cat\/ceipsantjordi-massanet\/wp-json\/wp\/v2\/users\/4"}],"replies":[{"embeddable":true,"href":"https:\/\/agora.xtec.cat\/ceipsantjordi-massanet\/wp-json\/wp\/v2\/comments?post=16987"}],"version-history":[{"count":3,"href":"https:\/\/agora.xtec.cat\/ceipsantjordi-massanet\/wp-json\/wp\/v2\/posts\/16987\/revisions"}],"predecessor-version":[{"id":17003,"href":"https:\/\/agora.xtec.cat\/ceipsantjordi-massanet\/wp-json\/wp\/v2\/posts\/16987\/revisions\/17003"}],"wp:attachment":[{"href":"https:\/\/agora.xtec.cat\/ceipsantjordi-massanet\/wp-json\/wp\/v2\/media?parent=16987"}],"wp:term":[{"taxonomy":"category","embeddable":true,"href":"https:\/\/agora.xtec.cat\/ceipsantjordi-massanet\/wp-json\/wp\/v2\/categories?post=16987"},{"taxonomy":"post_tag","embeddable":true,"href":"https:\/\/agora.xtec.cat\/ceipsantjordi-massanet\/wp-json\/wp\/v2\/tags?post=16987"}],"curies":[{"name":"wp","href":"https:\/\/api.w.org\/{rel}","templated":true}]}}