{"id":16155,"date":"2022-05-04T12:22:58","date_gmt":"2022-05-04T10:22:58","guid":{"rendered":"https:\/\/agora.xtec.cat\/ceipsantjordi-massanet\/?p=16155"},"modified":"2022-05-09T21:50:43","modified_gmt":"2022-05-09T19:50:43","slug":"xerrada-per-a-les-families-sobre-les-pantalles","status":"publish","type":"post","link":"https:\/\/agora.xtec.cat\/ceipsantjordi-massanet\/general\/xerrada-per-a-les-families-sobre-les-pantalles\/","title":{"rendered":"XERRADA PER A LES FAM\u00cdLIES SOBRE LES PANTALLES!"},"content":{"rendered":"<p><a href=\"https:\/\/www.siguestu.cat\/ca\/inscripcions-on-line.html\"><img loading=\"lazy\" decoding=\"async\" class=\"alignnone size-full wp-image-16156\" src=\"https:\/\/agora.xtec.cat\/ceipsantjordi-massanet\/wp-content\/uploads\/usu391\/2022\/05\/Captura-de-pantalla-2022-05-04-a-les-12.19.55.png\" alt=\"\" width=\"1016\" height=\"604\" srcset=\"https:\/\/agora.xtec.cat\/ceipsantjordi-massanet\/wp-content\/uploads\/usu391\/2022\/05\/Captura-de-pantalla-2022-05-04-a-les-12.19.55.png 1016w, https:\/\/agora.xtec.cat\/ceipsantjordi-massanet\/wp-content\/uploads\/usu391\/2022\/05\/Captura-de-pantalla-2022-05-04-a-les-12.19.55-300x178.png 300w, https:\/\/agora.xtec.cat\/ceipsantjordi-massanet\/wp-content\/uploads\/usu391\/2022\/05\/Captura-de-pantalla-2022-05-04-a-les-12.19.55-768x457.png 768w\" sizes=\"auto, (max-width: 1016px) 100vw, 1016px\" \/><\/a><\/p>\n<div>Quan les pantalles entren a les vides dels nostres fills i filles, tot s\u00f3n preguntes: A quina edat li compro un m\u00f2bil? Quanta estona \u00e9s normal que passi amb els e-jocs? Hi ha tants riscos com diuen? Per qu\u00e8 s\u2019han convertit en una font de conflicte? En aquesta xerrada-taller es plantegen i treballen situacions quotidianes de casa relacionades amb el m\u00f2bil, l\u2019ordinador, les e-xarxes o els e-jocs. S\u2019exposen els usos, els mals usos i\/o usos problem\u00e0tics de les pantalles i les aplicacions 2.0.<\/div>\n<div><\/div>\n<div>Dates i horari de les properes sessions:\u00a05, 12, 16, 26 i 31 de maig, 2, 6, i 9 de juny de 2022; de 18h a 19:30h.<\/div>\n","protected":false},"excerpt":{"rendered":"<p><a href=\"https:\/\/www.siguestu.cat\/ca\/inscripcions-on-line.html\"><\/a><br \/>\nQuan les pantalles entren a les vides dels nostres fills i filles, tot s\u00f3n preguntes: A quina edat li compro un m\u00f2bil? Quanta estona \u00e9s normal que passi amb els e-jocs? Hi ha tants riscos com diuen? Per qu\u00e8 s\u2019han convertit en una font&hellip;  <a href=\"https:\/\/agora.xtec.cat\/ceipsantjordi-massanet\/general\/xerrada-per-a-les-families-sobre-les-pantalles\/\" title=\"Read XERRADA PER A LES FAM\u00cdLIES SOBRE LES PANTALLES!\">Llegeix m\u00e9s\u00bb<\/a><\/p>\n","protected":false},"author":4,"featured_media":0,"comment_status":"open","ping_status":"closed","sticky":false,"template":"","format":"standard","meta":{"_bbp_topic_count":0,"_bbp_reply_count":0,"_bbp_total_topic_count":0,"_bbp_total_reply_count":0,"_bbp_voice_count":0,"_bbp_anonymous_reply_count":0,"_bbp_topic_count_hidden":0,"_bbp_reply_count_hidden":0,"_bbp_forum_subforum_count":0,"footnotes":""},"categories":[1,4],"tags":[],"class_list":["post-16155","post","type-post","status-publish","format-standard","hentry","category-general","category-portada"],"post_mailing_queue_ids":[],"_links":{"self":[{"href":"https:\/\/agora.xtec.cat\/ceipsantjordi-massanet\/wp-json\/wp\/v2\/posts\/16155","targetHints":{"allow":["GET"]}}],"collection":[{"href":"https:\/\/agora.xtec.cat\/ceipsantjordi-massanet\/wp-json\/wp\/v2\/posts"}],"about":[{"href":"https:\/\/agora.xtec.cat\/ceipsantjordi-massanet\/wp-json\/wp\/v2\/types\/post"}],"author":[{"embeddable":true,"href":"https:\/\/agora.xtec.cat\/ceipsantjordi-massanet\/wp-json\/wp\/v2\/users\/4"}],"replies":[{"embeddable":true,"href":"https:\/\/agora.xtec.cat\/ceipsantjordi-massanet\/wp-json\/wp\/v2\/comments?post=16155"}],"version-history":[{"count":1,"href":"https:\/\/agora.xtec.cat\/ceipsantjordi-massanet\/wp-json\/wp\/v2\/posts\/16155\/revisions"}],"predecessor-version":[{"id":16157,"href":"https:\/\/agora.xtec.cat\/ceipsantjordi-massanet\/wp-json\/wp\/v2\/posts\/16155\/revisions\/16157"}],"wp:attachment":[{"href":"https:\/\/agora.xtec.cat\/ceipsantjordi-massanet\/wp-json\/wp\/v2\/media?parent=16155"}],"wp:term":[{"taxonomy":"category","embeddable":true,"href":"https:\/\/agora.xtec.cat\/ceipsantjordi-massanet\/wp-json\/wp\/v2\/categories?post=16155"},{"taxonomy":"post_tag","embeddable":true,"href":"https:\/\/agora.xtec.cat\/ceipsantjordi-massanet\/wp-json\/wp\/v2\/tags?post=16155"}],"curies":[{"name":"wp","href":"https:\/\/api.w.org\/{rel}","templated":true}]}}