{"id":1582,"date":"2015-12-10T08:58:08","date_gmt":"2015-12-10T07:58:08","guid":{"rendered":"http:\/\/agora.xtec.cat\/ceipsantjordi-massanet\/?p=1582"},"modified":"2016-01-20T12:42:31","modified_gmt":"2016-01-20T11:42:31","slug":"arriba-el-tio-de-1r-i-2n","status":"publish","type":"post","link":"https:\/\/agora.xtec.cat\/ceipsantjordi-massanet\/portada\/arriba-el-tio-de-1r-i-2n\/","title":{"rendered":"Arriba el ti\u00f3 de 1r i 2n!"},"content":{"rendered":"<p><a href=\"http:\/\/agora.xtec.cat\/ceipsantjordi-massanet\/portada\/arriba-el-tio-de-1r-i-2n\/\">Clica aqu\u00ed<\/a> si no veus el v\u00eddeo<\/p>\n<p><iframe loading=\"lazy\" src=\"https:\/\/www.youtube.com\/embed\/dyL81f1Mn4Y?rel=0&amp;showinfo=0\" width=\"540\" height=\"320\" frameborder=\"0\" allowfullscreen=\"allowfullscreen\"><\/iframe><br \/>\nAquest mat\u00ed els nens i les nenes de primer i de segon i les senyoretes hem sortit a buscar el ti\u00f3. L&#8217;hem trobat amagat en un rac\u00f3 del pati i l&#8217;hem pujat a les classes per donar-li menjar! Clica el t\u00edtol per al v\u00eddeo!<\/p>\n","protected":false},"excerpt":{"rendered":"<p><a href=\"http:\/\/agora.xtec.cat\/ceipsantjordi-massanet\/portada\/arriba-el-tio-de-1r-i-2n\/\">Clica aqu\u00ed<\/a> si no veus el v\u00eddeo<\/p>\n<p>Aquest mat\u00ed els nens i les nenes de primer i de segon i les senyoretes hem sortit a buscar el ti\u00f3. L&#8217;hem trobat amagat en un rac\u00f3 del pati i l&#8217;hem pujat a les classes per donar-li menjar!&hellip;  <a href=\"https:\/\/agora.xtec.cat\/ceipsantjordi-massanet\/portada\/arriba-el-tio-de-1r-i-2n\/\" title=\"Read Arriba el ti\u00f3 de 1r i 2n!\">Llegeix m\u00e9s\u00bb<\/a><\/p>\n","protected":false},"author":4,"featured_media":1803,"comment_status":"open","ping_status":"open","sticky":false,"template":"","format":"standard","meta":{"_bbp_topic_count":0,"_bbp_reply_count":0,"_bbp_total_topic_count":0,"_bbp_total_reply_count":0,"_bbp_voice_count":0,"_bbp_anonymous_reply_count":0,"_bbp_topic_count_hidden":0,"_bbp_reply_count_hidden":0,"_bbp_forum_subforum_count":0,"footnotes":""},"categories":[4,10,11],"tags":[],"class_list":["post-1582","post","type-post","status-publish","format-standard","has-post-thumbnail","hentry","category-portada","category-1r","category-2n"],"post_mailing_queue_ids":[],"_links":{"self":[{"href":"https:\/\/agora.xtec.cat\/ceipsantjordi-massanet\/wp-json\/wp\/v2\/posts\/1582","targetHints":{"allow":["GET"]}}],"collection":[{"href":"https:\/\/agora.xtec.cat\/ceipsantjordi-massanet\/wp-json\/wp\/v2\/posts"}],"about":[{"href":"https:\/\/agora.xtec.cat\/ceipsantjordi-massanet\/wp-json\/wp\/v2\/types\/post"}],"author":[{"embeddable":true,"href":"https:\/\/agora.xtec.cat\/ceipsantjordi-massanet\/wp-json\/wp\/v2\/users\/4"}],"replies":[{"embeddable":true,"href":"https:\/\/agora.xtec.cat\/ceipsantjordi-massanet\/wp-json\/wp\/v2\/comments?post=1582"}],"version-history":[{"count":3,"href":"https:\/\/agora.xtec.cat\/ceipsantjordi-massanet\/wp-json\/wp\/v2\/posts\/1582\/revisions"}],"predecessor-version":[{"id":1822,"href":"https:\/\/agora.xtec.cat\/ceipsantjordi-massanet\/wp-json\/wp\/v2\/posts\/1582\/revisions\/1822"}],"wp:featuredmedia":[{"embeddable":true,"href":"https:\/\/agora.xtec.cat\/ceipsantjordi-massanet\/wp-json\/wp\/v2\/media\/1803"}],"wp:attachment":[{"href":"https:\/\/agora.xtec.cat\/ceipsantjordi-massanet\/wp-json\/wp\/v2\/media?parent=1582"}],"wp:term":[{"taxonomy":"category","embeddable":true,"href":"https:\/\/agora.xtec.cat\/ceipsantjordi-massanet\/wp-json\/wp\/v2\/categories?post=1582"},{"taxonomy":"post_tag","embeddable":true,"href":"https:\/\/agora.xtec.cat\/ceipsantjordi-massanet\/wp-json\/wp\/v2\/tags?post=1582"}],"curies":[{"name":"wp","href":"https:\/\/api.w.org\/{rel}","templated":true}]}}