{"id":15535,"date":"2021-12-22T06:00:44","date_gmt":"2021-12-22T05:00:44","guid":{"rendered":"https:\/\/agora.xtec.cat\/ceipsantjordi-massanet\/?p=15535"},"modified":"2021-12-22T07:20:47","modified_gmt":"2021-12-22T06:20:47","slug":"al-gener-lacabem","status":"publish","type":"post","link":"https:\/\/agora.xtec.cat\/ceipsantjordi-massanet\/portada\/al-gener-lacabem\/","title":{"rendered":"AL GENER L&#8217;ACABEM!"},"content":{"rendered":"<p><iframe loading=\"lazy\" title=\"TRAILER\" width=\"500\" height=\"281\" src=\"https:\/\/www.youtube.com\/embed\/SRWPbb9Bc94?feature=oembed\" frameborder=\"0\" allow=\"accelerometer; autoplay; clipboard-write; encrypted-media; gyroscope; picture-in-picture; web-share\" referrerpolicy=\"strict-origin-when-cross-origin\" allowfullscreen><\/iframe><\/p>\n<p>Bon dia fam\u00edlia, com molts sabeu, com a conseq\u00fc\u00e8ncia de la situaci\u00f3 actual del COVID-19 tenim varies classes confinades, la qual cosa es tradueix en alumnes que no poden assistir a les classes. Des de l&#8217;escola sempre hem cregut que l&#8217;Espectacle de Nadal \u00e9s una oportunitat de gaudir tots junts de la m\u00fasica en aquestes dates assenyalades. Com que volem que segueixi essent aix\u00ed i volem que surtin tots els alumnes del centre, hem decidit posposar les gravacions del festival fins al gener.<\/p>\n<p>Aix\u00ed doncs, no rebreu el v\u00eddeo del festival fins al gener. Esperem poder fer-vos gaudir igualment d&#8217;aquesta cantada i continuar gaudint tots plegats de la m\u00fasica.<\/p>\n<p>Bones festes, Escola Sant Jordi.<\/p>\n","protected":false},"excerpt":{"rendered":"<p>Bon dia fam\u00edlia, com molts sabeu, com a conseq\u00fc\u00e8ncia de la situaci\u00f3 actual del COVID-19 tenim varies classes confinades, la qual cosa es tradueix en alumnes que no poden assistir a les classes. Des de l&#8217;escola sempre hem cregut que l&#8217;Espectacle de Nadal \u00e9s una&hellip;  <a href=\"https:\/\/agora.xtec.cat\/ceipsantjordi-massanet\/portada\/al-gener-lacabem\/\" title=\"Read AL GENER L&#8217;ACABEM!\">Llegeix m\u00e9s\u00bb<\/a><\/p>\n","protected":false},"author":4,"featured_media":0,"comment_status":"open","ping_status":"closed","sticky":false,"template":"","format":"standard","meta":{"_bbp_topic_count":0,"_bbp_reply_count":0,"_bbp_total_topic_count":0,"_bbp_total_reply_count":0,"_bbp_voice_count":0,"_bbp_anonymous_reply_count":0,"_bbp_topic_count_hidden":0,"_bbp_reply_count_hidden":0,"_bbp_forum_subforum_count":0,"footnotes":""},"categories":[4],"tags":[],"class_list":["post-15535","post","type-post","status-publish","format-standard","hentry","category-portada"],"post_mailing_queue_ids":[],"_links":{"self":[{"href":"https:\/\/agora.xtec.cat\/ceipsantjordi-massanet\/wp-json\/wp\/v2\/posts\/15535","targetHints":{"allow":["GET"]}}],"collection":[{"href":"https:\/\/agora.xtec.cat\/ceipsantjordi-massanet\/wp-json\/wp\/v2\/posts"}],"about":[{"href":"https:\/\/agora.xtec.cat\/ceipsantjordi-massanet\/wp-json\/wp\/v2\/types\/post"}],"author":[{"embeddable":true,"href":"https:\/\/agora.xtec.cat\/ceipsantjordi-massanet\/wp-json\/wp\/v2\/users\/4"}],"replies":[{"embeddable":true,"href":"https:\/\/agora.xtec.cat\/ceipsantjordi-massanet\/wp-json\/wp\/v2\/comments?post=15535"}],"version-history":[{"count":1,"href":"https:\/\/agora.xtec.cat\/ceipsantjordi-massanet\/wp-json\/wp\/v2\/posts\/15535\/revisions"}],"predecessor-version":[{"id":15536,"href":"https:\/\/agora.xtec.cat\/ceipsantjordi-massanet\/wp-json\/wp\/v2\/posts\/15535\/revisions\/15536"}],"wp:attachment":[{"href":"https:\/\/agora.xtec.cat\/ceipsantjordi-massanet\/wp-json\/wp\/v2\/media?parent=15535"}],"wp:term":[{"taxonomy":"category","embeddable":true,"href":"https:\/\/agora.xtec.cat\/ceipsantjordi-massanet\/wp-json\/wp\/v2\/categories?post=15535"},{"taxonomy":"post_tag","embeddable":true,"href":"https:\/\/agora.xtec.cat\/ceipsantjordi-massanet\/wp-json\/wp\/v2\/tags?post=15535"}],"curies":[{"name":"wp","href":"https:\/\/api.w.org\/{rel}","templated":true}]}}