{"id":15439,"date":"2021-11-24T21:29:10","date_gmt":"2021-11-24T20:29:10","guid":{"rendered":"https:\/\/agora.xtec.cat\/ceipsantjordi-massanet\/?p=15439"},"modified":"2021-11-24T21:29:10","modified_gmt":"2021-11-24T20:29:10","slug":"drets-dels-infants","status":"publish","type":"post","link":"https:\/\/agora.xtec.cat\/ceipsantjordi-massanet\/portada\/drets-dels-infants\/","title":{"rendered":"DRETS DELS INFANTS!"},"content":{"rendered":"<p>Ja hem acabat el mural dels drets dels infants. El 20 de Novembre celebrem aquesta diada. Aquest \u00e9s el mural amb el nostre planeta i totes les nostres fotografies i tamb\u00e9 les paraules que representen els drets. Fant\u00e0stic!<\/p>\n<p><img loading=\"lazy\" decoding=\"async\" class=\"alignnone size-large wp-image-15440\" src=\"https:\/\/agora.xtec.cat\/ceipsantjordi-massanet\/wp-content\/uploads\/usu391\/2021\/11\/IMG_2060-1024x666.jpg\" alt=\"\" width=\"1024\" height=\"666\" srcset=\"https:\/\/agora.xtec.cat\/ceipsantjordi-massanet\/wp-content\/uploads\/usu391\/2021\/11\/IMG_2060-1024x666.jpg 1024w, https:\/\/agora.xtec.cat\/ceipsantjordi-massanet\/wp-content\/uploads\/usu391\/2021\/11\/IMG_2060-300x195.jpg 300w, https:\/\/agora.xtec.cat\/ceipsantjordi-massanet\/wp-content\/uploads\/usu391\/2021\/11\/IMG_2060-768x499.jpg 768w, https:\/\/agora.xtec.cat\/ceipsantjordi-massanet\/wp-content\/uploads\/usu391\/2021\/11\/IMG_2060-1536x998.jpg 1536w, https:\/\/agora.xtec.cat\/ceipsantjordi-massanet\/wp-content\/uploads\/usu391\/2021\/11\/IMG_2060.jpg 2000w\" sizes=\"auto, (max-width: 1024px) 100vw, 1024px\" \/><\/p>\n","protected":false},"excerpt":{"rendered":"<p>Ja hem acabat el mural dels drets dels infants. El 20 de Novembre celebrem aquesta diada. Aquest \u00e9s el mural amb el nostre planeta i totes les nostres fotografies i tamb\u00e9 les paraules que representen els drets. Fant\u00e0stic!<\/p>\n","protected":false},"author":4,"featured_media":0,"comment_status":"open","ping_status":"closed","sticky":false,"template":"","format":"standard","meta":{"_bbp_topic_count":0,"_bbp_reply_count":0,"_bbp_total_topic_count":0,"_bbp_total_reply_count":0,"_bbp_voice_count":0,"_bbp_anonymous_reply_count":0,"_bbp_topic_count_hidden":0,"_bbp_reply_count_hidden":0,"_bbp_forum_subforum_count":0,"footnotes":""},"categories":[4,28],"tags":[],"class_list":["post-15439","post","type-post","status-publish","format-standard","hentry","category-portada","category-unesco"],"post_mailing_queue_ids":[],"_links":{"self":[{"href":"https:\/\/agora.xtec.cat\/ceipsantjordi-massanet\/wp-json\/wp\/v2\/posts\/15439","targetHints":{"allow":["GET"]}}],"collection":[{"href":"https:\/\/agora.xtec.cat\/ceipsantjordi-massanet\/wp-json\/wp\/v2\/posts"}],"about":[{"href":"https:\/\/agora.xtec.cat\/ceipsantjordi-massanet\/wp-json\/wp\/v2\/types\/post"}],"author":[{"embeddable":true,"href":"https:\/\/agora.xtec.cat\/ceipsantjordi-massanet\/wp-json\/wp\/v2\/users\/4"}],"replies":[{"embeddable":true,"href":"https:\/\/agora.xtec.cat\/ceipsantjordi-massanet\/wp-json\/wp\/v2\/comments?post=15439"}],"version-history":[{"count":1,"href":"https:\/\/agora.xtec.cat\/ceipsantjordi-massanet\/wp-json\/wp\/v2\/posts\/15439\/revisions"}],"predecessor-version":[{"id":15441,"href":"https:\/\/agora.xtec.cat\/ceipsantjordi-massanet\/wp-json\/wp\/v2\/posts\/15439\/revisions\/15441"}],"wp:attachment":[{"href":"https:\/\/agora.xtec.cat\/ceipsantjordi-massanet\/wp-json\/wp\/v2\/media?parent=15439"}],"wp:term":[{"taxonomy":"category","embeddable":true,"href":"https:\/\/agora.xtec.cat\/ceipsantjordi-massanet\/wp-json\/wp\/v2\/categories?post=15439"},{"taxonomy":"post_tag","embeddable":true,"href":"https:\/\/agora.xtec.cat\/ceipsantjordi-massanet\/wp-json\/wp\/v2\/tags?post=15439"}],"curies":[{"name":"wp","href":"https:\/\/api.w.org\/{rel}","templated":true}]}}