{"id":15269,"date":"2021-11-02T16:27:52","date_gmt":"2021-11-02T15:27:52","guid":{"rendered":"https:\/\/agora.xtec.cat\/ceipsantjordi-massanet\/?p=15269"},"modified":"2021-11-02T16:28:14","modified_gmt":"2021-11-02T15:28:14","slug":"jubilacio","status":"publish","type":"post","link":"https:\/\/agora.xtec.cat\/ceipsantjordi-massanet\/portada\/jubilacio\/","title":{"rendered":"JUBILACI\u00d3"},"content":{"rendered":"<p>Avui ha estat el darrer dia de l&#8217;Anna a l&#8217;escola i li hem volgut cantar el &#8220;Passi-ho b\u00e9 i moltes gr\u00e0cies&#8221;. Que tinguis una bona jubilaci\u00f3 de part dels teus alumnes de 6\u00e8 B i de tota l&#8217;escola!<\/p>\n<p><img loading=\"lazy\" decoding=\"async\" class=\"size-full wp-image-15270 aligncenter\" src=\"https:\/\/agora.xtec.cat\/ceipsantjordi-massanet\/wp-content\/uploads\/usu391\/2021\/11\/Captura-de-pantalla-2021-11-02-a-les-16.23.34.png\" alt=\"\" width=\"367\" height=\"245\" srcset=\"https:\/\/agora.xtec.cat\/ceipsantjordi-massanet\/wp-content\/uploads\/usu391\/2021\/11\/Captura-de-pantalla-2021-11-02-a-les-16.23.34.png 367w, https:\/\/agora.xtec.cat\/ceipsantjordi-massanet\/wp-content\/uploads\/usu391\/2021\/11\/Captura-de-pantalla-2021-11-02-a-les-16.23.34-300x200.png 300w\" sizes=\"auto, (max-width: 367px) 100vw, 367px\" \/><\/p>\n","protected":false},"excerpt":{"rendered":"<p>Avui ha estat el darrer dia de l&#8217;Anna a l&#8217;escola i li hem volgut cantar el &#8220;Passi-ho b\u00e9 i moltes gr\u00e0cies&#8221;. Que tinguis una bona jubilaci\u00f3 de part dels teus alumnes de 6\u00e8 B i de tota l&#8217;escola!<\/p>\n","protected":false},"author":4,"featured_media":0,"comment_status":"open","ping_status":"closed","sticky":false,"template":"","format":"standard","meta":{"_bbp_topic_count":0,"_bbp_reply_count":0,"_bbp_total_topic_count":0,"_bbp_total_reply_count":0,"_bbp_voice_count":0,"_bbp_anonymous_reply_count":0,"_bbp_topic_count_hidden":0,"_bbp_reply_count_hidden":0,"_bbp_forum_subforum_count":0,"footnotes":""},"categories":[4],"tags":[],"class_list":["post-15269","post","type-post","status-publish","format-standard","hentry","category-portada"],"post_mailing_queue_ids":[],"_links":{"self":[{"href":"https:\/\/agora.xtec.cat\/ceipsantjordi-massanet\/wp-json\/wp\/v2\/posts\/15269","targetHints":{"allow":["GET"]}}],"collection":[{"href":"https:\/\/agora.xtec.cat\/ceipsantjordi-massanet\/wp-json\/wp\/v2\/posts"}],"about":[{"href":"https:\/\/agora.xtec.cat\/ceipsantjordi-massanet\/wp-json\/wp\/v2\/types\/post"}],"author":[{"embeddable":true,"href":"https:\/\/agora.xtec.cat\/ceipsantjordi-massanet\/wp-json\/wp\/v2\/users\/4"}],"replies":[{"embeddable":true,"href":"https:\/\/agora.xtec.cat\/ceipsantjordi-massanet\/wp-json\/wp\/v2\/comments?post=15269"}],"version-history":[{"count":2,"href":"https:\/\/agora.xtec.cat\/ceipsantjordi-massanet\/wp-json\/wp\/v2\/posts\/15269\/revisions"}],"predecessor-version":[{"id":15272,"href":"https:\/\/agora.xtec.cat\/ceipsantjordi-massanet\/wp-json\/wp\/v2\/posts\/15269\/revisions\/15272"}],"wp:attachment":[{"href":"https:\/\/agora.xtec.cat\/ceipsantjordi-massanet\/wp-json\/wp\/v2\/media?parent=15269"}],"wp:term":[{"taxonomy":"category","embeddable":true,"href":"https:\/\/agora.xtec.cat\/ceipsantjordi-massanet\/wp-json\/wp\/v2\/categories?post=15269"},{"taxonomy":"post_tag","embeddable":true,"href":"https:\/\/agora.xtec.cat\/ceipsantjordi-massanet\/wp-json\/wp\/v2\/tags?post=15269"}],"curies":[{"name":"wp","href":"https:\/\/api.w.org\/{rel}","templated":true}]}}