{"id":15233,"date":"2021-10-28T18:54:51","date_gmt":"2021-10-28T16:54:51","guid":{"rendered":"https:\/\/agora.xtec.cat\/ceipsantjordi-massanet\/?p=15233"},"modified":"2021-10-28T18:55:28","modified_gmt":"2021-10-28T16:55:28","slug":"numicon-toquem-els-numeros-i-els-manipulem","status":"publish","type":"post","link":"https:\/\/agora.xtec.cat\/ceipsantjordi-massanet\/portada\/numicon-toquem-els-numeros-i-els-manipulem\/","title":{"rendered":"NUMICON: MANIPULEM I FEM MATEM\u00c0TIQUES!"},"content":{"rendered":"<p>Els nens i les nenes de primer aprenem matem\u00e0tiques manipulant les peces del Numicon. Aquest material serveix per treballar els n\u00fameros i fer tota mena de jocs d&#8217;operacions, de descomposici\u00f3 de n\u00fameros i moltes coses m\u00e9s. Ens ho passem molt b\u00e9!<\/p>\n<p><iframe loading=\"lazy\" title=\"NUMICON\" width=\"500\" height=\"281\" src=\"https:\/\/www.youtube.com\/embed\/KHWSN9QRA-8?feature=oembed\" frameborder=\"0\" allow=\"accelerometer; autoplay; clipboard-write; encrypted-media; gyroscope; picture-in-picture; web-share\" referrerpolicy=\"strict-origin-when-cross-origin\" allowfullscreen><\/iframe><\/p>\n","protected":false},"excerpt":{"rendered":"<p>Els nens i les nenes de primer aprenem matem\u00e0tiques manipulant les peces del Numicon. Aquest material serveix per treballar els n\u00fameros i fer tota mena de jocs d&#8217;operacions, de descomposici\u00f3 de n\u00fameros i moltes coses m\u00e9s. Ens ho passem molt b\u00e9!<\/p>\n","protected":false},"author":4,"featured_media":15234,"comment_status":"open","ping_status":"closed","sticky":false,"template":"","format":"standard","meta":{"_bbp_topic_count":0,"_bbp_reply_count":0,"_bbp_total_topic_count":0,"_bbp_total_reply_count":0,"_bbp_voice_count":0,"_bbp_anonymous_reply_count":0,"_bbp_topic_count_hidden":0,"_bbp_reply_count_hidden":0,"_bbp_forum_subforum_count":0,"footnotes":""},"categories":[4,10],"tags":[],"class_list":["post-15233","post","type-post","status-publish","format-standard","has-post-thumbnail","hentry","category-portada","category-1r"],"post_mailing_queue_ids":[],"_links":{"self":[{"href":"https:\/\/agora.xtec.cat\/ceipsantjordi-massanet\/wp-json\/wp\/v2\/posts\/15233","targetHints":{"allow":["GET"]}}],"collection":[{"href":"https:\/\/agora.xtec.cat\/ceipsantjordi-massanet\/wp-json\/wp\/v2\/posts"}],"about":[{"href":"https:\/\/agora.xtec.cat\/ceipsantjordi-massanet\/wp-json\/wp\/v2\/types\/post"}],"author":[{"embeddable":true,"href":"https:\/\/agora.xtec.cat\/ceipsantjordi-massanet\/wp-json\/wp\/v2\/users\/4"}],"replies":[{"embeddable":true,"href":"https:\/\/agora.xtec.cat\/ceipsantjordi-massanet\/wp-json\/wp\/v2\/comments?post=15233"}],"version-history":[{"count":2,"href":"https:\/\/agora.xtec.cat\/ceipsantjordi-massanet\/wp-json\/wp\/v2\/posts\/15233\/revisions"}],"predecessor-version":[{"id":15236,"href":"https:\/\/agora.xtec.cat\/ceipsantjordi-massanet\/wp-json\/wp\/v2\/posts\/15233\/revisions\/15236"}],"wp:featuredmedia":[{"embeddable":true,"href":"https:\/\/agora.xtec.cat\/ceipsantjordi-massanet\/wp-json\/wp\/v2\/media\/15234"}],"wp:attachment":[{"href":"https:\/\/agora.xtec.cat\/ceipsantjordi-massanet\/wp-json\/wp\/v2\/media?parent=15233"}],"wp:term":[{"taxonomy":"category","embeddable":true,"href":"https:\/\/agora.xtec.cat\/ceipsantjordi-massanet\/wp-json\/wp\/v2\/categories?post=15233"},{"taxonomy":"post_tag","embeddable":true,"href":"https:\/\/agora.xtec.cat\/ceipsantjordi-massanet\/wp-json\/wp\/v2\/tags?post=15233"}],"curies":[{"name":"wp","href":"https:\/\/api.w.org\/{rel}","templated":true}]}}