{"id":14934,"date":"2021-09-10T17:33:49","date_gmt":"2021-09-10T15:33:49","guid":{"rendered":"https:\/\/agora.xtec.cat\/ceipsantjordi-massanet\/?p=14934"},"modified":"2021-09-10T17:33:49","modified_gmt":"2021-09-10T15:33:49","slug":"materials-carillo","status":"publish","type":"post","link":"https:\/\/agora.xtec.cat\/ceipsantjordi-massanet\/general\/materials-carillo\/","title":{"rendered":"Materials carill\u00f3"},"content":{"rendered":"<p>&nbsp;<\/p>\n<p><a href=\"https:\/\/agora.xtec.cat\/ceipsantjordi-massanet\/wp-content\/uploads\/usu391\/2020\/08\/Captura-de-Pantalla-2020-08-11-a-les-7.24.08.png\"><img loading=\"lazy\" decoding=\"async\" class=\" wp-image-12778 alignleft\" src=\"https:\/\/agora.xtec.cat\/ceipsantjordi-massanet\/wp-content\/uploads\/usu391\/2020\/08\/Captura-de-Pantalla-2020-08-11-a-les-7.24.08.png\" alt=\"\" width=\"1024\" height=\"339\" \/><\/a> <a href=\"https:\/\/agora.xtec.cat\/ceipsantjordi-massanet\/wp-content\/uploads\/usu391\/2020\/08\/Captura-de-Pantalla-2020-08-11-a-les-7.36.10.png\"><img loading=\"lazy\" decoding=\"async\" class=\"alignnone wp-image-12779\" src=\"https:\/\/agora.xtec.cat\/ceipsantjordi-massanet\/wp-content\/uploads\/usu391\/2020\/08\/Captura-de-Pantalla-2020-08-11-a-les-7.36.10.png\" alt=\"\" width=\"1024\" height=\"185\" \/><\/a><\/p>\n<p><img loading=\"lazy\" decoding=\"async\" class=\"size-full wp-image-7538 alignleft\" src=\"http:\/\/agora.xtec.cat\/ceipsantjordi-massanet\/wp-content\/uploads\/usu391\/2018\/09\/INTRO-JARDI-ROSES.jpg\" alt=\"\" width=\"1024\" height=\"159\" srcset=\"https:\/\/agora.xtec.cat\/ceipsantjordi-massanet\/wp-content\/uploads\/usu391\/2018\/09\/INTRO-JARDI-ROSES.jpg 1020w, https:\/\/agora.xtec.cat\/ceipsantjordi-massanet\/wp-content\/uploads\/usu391\/2018\/09\/INTRO-JARDI-ROSES-300x47.jpg 300w, https:\/\/agora.xtec.cat\/ceipsantjordi-massanet\/wp-content\/uploads\/usu391\/2018\/09\/INTRO-JARDI-ROSES-768x120.jpg 768w\" sizes=\"auto, (max-width: 1024px) 100vw, 1024px\" \/><\/p>\n<p><a href=\"https:\/\/agora.xtec.cat\/ceipsantjordi-massanet\/wp-content\/uploads\/usu391\/2020\/01\/Captura-de-pantalla-2020-01-12-a-les-19.20.21.png\"><img loading=\"lazy\" decoding=\"async\" class=\" wp-image-11779 alignleft\" src=\"https:\/\/agora.xtec.cat\/ceipsantjordi-massanet\/wp-content\/uploads\/usu391\/2020\/01\/Captura-de-pantalla-2020-01-12-a-les-19.20.21.png\" alt=\"\" width=\"1024\" height=\"700\" \/><\/a><\/p>\n<p>&nbsp;<\/p>\n<p>&nbsp;<\/p>\n<p><a href=\"https:\/\/agora.xtec.cat\/ceipsantjordi-massanet\/wp-content\/uploads\/usu391\/2020\/08\/OCTOPUSS-GARDEN.png\"><img loading=\"lazy\" decoding=\"async\" class=\"size-large wp-image-12813 alignleft\" src=\"https:\/\/agora.xtec.cat\/ceipsantjordi-massanet\/wp-content\/uploads\/usu391\/2020\/08\/OCTOPUSS-GARDEN-1024x588.png\" alt=\"\" width=\"1024\" height=\"588\" srcset=\"https:\/\/agora.xtec.cat\/ceipsantjordi-massanet\/wp-content\/uploads\/usu391\/2020\/08\/OCTOPUSS-GARDEN.png 1024w, https:\/\/agora.xtec.cat\/ceipsantjordi-massanet\/wp-content\/uploads\/usu391\/2020\/08\/OCTOPUSS-GARDEN-300x172.png 300w, https:\/\/agora.xtec.cat\/ceipsantjordi-massanet\/wp-content\/uploads\/usu391\/2020\/08\/OCTOPUSS-GARDEN-768x441.png 768w\" sizes=\"auto, (max-width: 1024px) 100vw, 1024px\" \/><\/a><\/p>\n<p><img loading=\"lazy\" decoding=\"async\" class=\"size-large wp-image-7647 alignleft\" src=\"http:\/\/agora.xtec.cat\/ceipsantjordi-massanet\/wp-content\/uploads\/usu391\/2018\/09\/SHAPE-OF-YOU-1024x530.jpg\" alt=\"\" width=\"1024\" height=\"530\" srcset=\"https:\/\/agora.xtec.cat\/ceipsantjordi-massanet\/wp-content\/uploads\/usu391\/2018\/09\/SHAPE-OF-YOU-1024x530.jpg 1024w, https:\/\/agora.xtec.cat\/ceipsantjordi-massanet\/wp-content\/uploads\/usu391\/2018\/09\/SHAPE-OF-YOU-300x155.jpg 300w, https:\/\/agora.xtec.cat\/ceipsantjordi-massanet\/wp-content\/uploads\/usu391\/2018\/09\/SHAPE-OF-YOU-768x397.jpg 768w, https:\/\/agora.xtec.cat\/ceipsantjordi-massanet\/wp-content\/uploads\/usu391\/2018\/09\/SHAPE-OF-YOU.jpg 1050w\" sizes=\"auto, (max-width: 1024px) 100vw, 1024px\" \/><\/p>\n<p>&nbsp;<\/p>\n<p>&nbsp;<\/p>\n<table style=\"border-collapse: collapse; width: 100%;\" border=\"1\">\n<tbody>\n<tr>\n<td style=\"width: 50%;\"><iframe loading=\"lazy\" src=\"https:\/\/www.youtube.com\/embed\/S3l1e6y9beI?rel=0\" width=\"560\" height=\"315\" frameborder=\"0\"><\/iframe><iframe loading=\"lazy\" src=\"https:\/\/www.youtube.com\/embed\/1bHW7kqiEWM?rel=0\" width=\"560\" height=\"315\" frameborder=\"0\"><\/iframe><\/td>\n<td style=\"width: 50%;\">\n<h5><span style=\"color: black;\">El dia que us emporteu els carillons caldr\u00e0 que assageu els compassos que us indiqui el mestre de m\u00fasica. A la primera fila hi ha un obstinat, la segona \u00e9s la melodia i la tercera la l\u00ednia de baix. A sota hi ha un acompanyament per tal que mantingueu el temps i el ritme de la can\u00e7\u00f3. Us aconsellem que toqueu amb la base engegada i feu unes bones repeticions!<\/span><\/h5>\n<p><iframe loading=\"lazy\" src=\"https:\/\/w.soundcloud.com\/player\/?url=https%3A\/\/api.soundcloud.com\/tracks\/507288378&amp;color=%23fbbe42&amp;auto_play=false&amp;hide_related=false&amp;show_comments=true&amp;show_user=true&amp;show_reposts=false&amp;show_teaser=true\" width=\"100%\" height=\"315\" frameborder=\"no\"><\/iframe><\/td>\n<\/tr>\n<\/tbody>\n<\/table>\n<p>&nbsp;<\/p>\n<p><img loading=\"lazy\" decoding=\"async\" class=\"aligncenter wp-image-7737\" src=\"https:\/\/agora.xtec.cat\/ceipsantjordi-massanet\/wp-content\/uploads\/usu391\/2018\/10\/PER-MARS-I-MUNTANYES.jpg\" alt=\"\" width=\"982\" height=\"327\" srcset=\"https:\/\/agora.xtec.cat\/ceipsantjordi-massanet\/wp-content\/uploads\/usu391\/2018\/10\/PER-MARS-I-MUNTANYES.jpg 658w, https:\/\/agora.xtec.cat\/ceipsantjordi-massanet\/wp-content\/uploads\/usu391\/2018\/10\/PER-MARS-I-MUNTANYES-300x100.jpg 300w\" sizes=\"auto, (max-width: 982px) 100vw, 982px\" \/><\/p>\n<p>&nbsp;<\/p>\n<table style=\"border-collapse: collapse; width: 100%;\" border=\"0\">\n<tbody>\n<tr>\n<td style=\"width: 50%;\"><iframe loading=\"lazy\" src=\"https:\/\/www.youtube.com\/embed\/UrHPFUtpFTo?rel=0\" width=\"560\" height=\"315\" frameborder=\"0\"><\/iframe><\/td>\n<td style=\"width: 50%;\"><iframe loading=\"lazy\" src=\"https:\/\/w.soundcloud.com\/player\/?url=https%3A\/\/api.soundcloud.com\/tracks\/513173253&amp;color=%23ff5500&amp;auto_play=false&amp;hide_related=false&amp;show_comments=true&amp;show_user=true&amp;show_reposts=false&amp;show_teaser=true&amp;visual=true\" width=\"100%\" height=\"315\" frameborder=\"no\"><\/iframe><\/td>\n<\/tr>\n<\/tbody>\n<\/table>\n<table style=\"border-collapse: collapse; width: 100%;\" border=\"0\">\n<tbody>\n<tr>\n<td style=\"width: 50%;\">&nbsp;<\/p>\n<p>&nbsp;<\/p>\n<p><iframe loading=\"lazy\" src=\"https:\/\/www.youtube.com\/embed\/TMGKIlvlulo?rel=0\" width=\"560\" height=\"315\" frameborder=\"0\"><\/iframe><\/td>\n<td style=\"width: 50%;\"><iframe loading=\"lazy\" src=\"https:\/\/www.youtube.com\/embed\/eXjoZj9Q3OI?rel=0\" width=\"560\" height=\"315\" frameborder=\"0\"><\/iframe><\/td>\n<\/tr>\n<\/tbody>\n<\/table>\n<p><a href=\"https:\/\/agora.xtec.cat\/ceipsantjordi-massanet\/wp-content\/uploads\/usu391\/2020\/08\/DALT-DELS-CIMS.png\"><img loading=\"lazy\" decoding=\"async\" class=\"size-large wp-image-12822 alignleft\" src=\"https:\/\/agora.xtec.cat\/ceipsantjordi-massanet\/wp-content\/uploads\/usu391\/2020\/08\/DALT-DELS-CIMS-1024x419.png\" alt=\"\" width=\"1024\" height=\"419\" srcset=\"https:\/\/agora.xtec.cat\/ceipsantjordi-massanet\/wp-content\/uploads\/usu391\/2020\/08\/DALT-DELS-CIMS-1024x419.png 1024w, https:\/\/agora.xtec.cat\/ceipsantjordi-massanet\/wp-content\/uploads\/usu391\/2020\/08\/DALT-DELS-CIMS-300x123.png 300w, https:\/\/agora.xtec.cat\/ceipsantjordi-massanet\/wp-content\/uploads\/usu391\/2020\/08\/DALT-DELS-CIMS-768x315.png 768w\" sizes=\"auto, (max-width: 1024px) 100vw, 1024px\" \/><\/a><\/p>\n<p><a href=\"https:\/\/agora.xtec.cat\/ceipsantjordi-massanet\/wp-content\/uploads\/usu391\/2020\/08\/Captura-de-Pantalla-2020-08-03-a-les-14.33.02.png\"><img loading=\"lazy\" decoding=\"async\" class=\"alignnone size-large wp-image-12773\" src=\"https:\/\/agora.xtec.cat\/ceipsantjordi-massanet\/wp-content\/uploads\/usu391\/2020\/08\/Captura-de-Pantalla-2020-08-03-a-les-14.33.02-1024x329.png\" alt=\"\" width=\"1024\" height=\"329\" srcset=\"https:\/\/agora.xtec.cat\/ceipsantjordi-massanet\/wp-content\/uploads\/usu391\/2020\/08\/Captura-de-Pantalla-2020-08-03-a-les-14.33.02-1024x329.png 1024w, https:\/\/agora.xtec.cat\/ceipsantjordi-massanet\/wp-content\/uploads\/usu391\/2020\/08\/Captura-de-Pantalla-2020-08-03-a-les-14.33.02-300x96.png 300w, https:\/\/agora.xtec.cat\/ceipsantjordi-massanet\/wp-content\/uploads\/usu391\/2020\/08\/Captura-de-Pantalla-2020-08-03-a-les-14.33.02-768x247.png 768w, https:\/\/agora.xtec.cat\/ceipsantjordi-massanet\/wp-content\/uploads\/usu391\/2020\/08\/Captura-de-Pantalla-2020-08-03-a-les-14.33.02.png 1211w\" sizes=\"auto, (max-width: 1024px) 100vw, 1024px\" \/><\/a><\/p>\n<p>&nbsp;<\/p>\n<p>Aquest \u00e9s el comen\u00e7ament de la partitura que el compositor, John Williams, va crear per a la saga de pel\u00b7l\u00edcules de Harry Potter, podem dir que \u00e9s poc previsible i que les variacions del tema i les notes alterades tenen un aire realment m\u00e0gic!!!<\/p>\n<p>https:\/\/www.youtube.com\/watch?v=Htaj3o3JD8I<\/p>\n<p><a href=\"https:\/\/agora.xtec.cat\/ceipsantjordi-massanet\/wp-content\/uploads\/usu391\/2019\/01\/Captura-de-Pantalla-2019-01-13-a-les-23.31.14.png\"><img loading=\"lazy\" decoding=\"async\" class=\"alignnone size-large wp-image-9878\" src=\"https:\/\/agora.xtec.cat\/ceipsantjordi-massanet\/wp-content\/uploads\/usu391\/2019\/01\/Captura-de-Pantalla-2019-01-13-a-les-23.31.14-1024x359.png\" alt=\"\" width=\"1024\" height=\"359\" srcset=\"https:\/\/agora.xtec.cat\/ceipsantjordi-massanet\/wp-content\/uploads\/usu391\/2019\/01\/Captura-de-Pantalla-2019-01-13-a-les-23.31.14-1024x359.png 1024w, https:\/\/agora.xtec.cat\/ceipsantjordi-massanet\/wp-content\/uploads\/usu391\/2019\/01\/Captura-de-Pantalla-2019-01-13-a-les-23.31.14-300x105.png 300w, https:\/\/agora.xtec.cat\/ceipsantjordi-massanet\/wp-content\/uploads\/usu391\/2019\/01\/Captura-de-Pantalla-2019-01-13-a-les-23.31.14-768x269.png 768w, https:\/\/agora.xtec.cat\/ceipsantjordi-massanet\/wp-content\/uploads\/usu391\/2019\/01\/Captura-de-Pantalla-2019-01-13-a-les-23.31.14.png 1181w\" sizes=\"auto, (max-width: 1024px) 100vw, 1024px\" \/><\/a><\/p>\n<p><a href=\"https:\/\/docs.google.com\/document\/d\/1jEZy4HaN2f-CpQf6-zhARtB1-iJVH1Lr_VCIXRE2tE8\/edit?usp=sharing\"><img loading=\"lazy\" decoding=\"async\" class=\"alignleft wp-image-9316 size-full\" src=\"https:\/\/agora.xtec.cat\/ceipsantjordi-massanet\/wp-content\/uploads\/usu391\/2019\/01\/carpeta.png\" alt=\"\" width=\"128\" height=\"128\" \/><\/a>Aquest \u00e9s el document de programaci\u00f3 d&#8217;Educaci\u00f3 Musical de sis\u00e8 que anem actualitzant i modificant a cada sessi\u00f3. Hi trobareu el repertori treballat fins el moment i una previsi\u00f3 de les activitats de tot el curs. \u00c9s possible que es modifiqui o es desdobli si apliquem la programaci\u00f3 de rob\u00f2tica amb Makey-Makey a l&#8217;\u00e0rea de m\u00fasica (com vam fer el curs passat) per\u00f2 cal veure com va evolucionant la feina a classe. Aquest \u00e9s el primer curs que introdu\u00efm instrumentaci\u00f3 amb els carillons (es poden endur l&#8217;instrument a casa uns quants dies cada setmana per estudiar petits fragments).<\/p>\n","protected":false},"excerpt":{"rendered":"<p>&nbsp;<br \/>\n<a href=\"https:\/\/agora.xtec.cat\/ceipsantjordi-massanet\/wp-content\/uploads\/usu391\/2020\/08\/Captura-de-Pantalla-2020-08-11-a-les-7.24.08.png\"><\/a> <a href=\"https:\/\/agora.xtec.cat\/ceipsantjordi-massanet\/wp-content\/uploads\/usu391\/2020\/08\/Captura-de-Pantalla-2020-08-11-a-les-7.36.10.png\"><\/a><\/p>\n<p><a href=\"https:\/\/agora.xtec.cat\/ceipsantjordi-massanet\/wp-content\/uploads\/usu391\/2020\/01\/Captura-de-pantalla-2020-01-12-a-les-19.20.21.png\"><\/a><br \/>\n&nbsp;<br \/>\n&nbsp;<br \/>\n<a href=\"https:\/\/agora.xtec.cat\/ceipsantjordi-massanet\/wp-content\/uploads\/usu391\/2020\/08\/OCTOPUSS-GARDEN.png\"><\/a><\/p>\n<p>&nbsp;<br \/>\n&nbsp;<\/p>\n<p>El dia que us emporteu els carillons caldr\u00e0 que assageu els compassos que us indiqui el mestre de m\u00fasica. A la primera fila hi ha un obstinat, la segona \u00e9s la melodia i la tercera la l\u00ednia de baix. A&hellip;  <a href=\"https:\/\/agora.xtec.cat\/ceipsantjordi-massanet\/general\/materials-carillo\/\" title=\"Read Materials carill\u00f3\">Llegeix m\u00e9s\u00bb<\/a><\/p>\n","protected":false},"author":4,"featured_media":14935,"comment_status":"open","ping_status":"closed","sticky":false,"template":"","format":"standard","meta":{"_bbp_topic_count":0,"_bbp_reply_count":0,"_bbp_total_topic_count":0,"_bbp_total_reply_count":0,"_bbp_voice_count":0,"_bbp_anonymous_reply_count":0,"_bbp_topic_count_hidden":0,"_bbp_reply_count_hidden":0,"_bbp_forum_subforum_count":0,"footnotes":""},"categories":[1],"tags":[],"class_list":["post-14934","post","type-post","status-publish","format-standard","has-post-thumbnail","hentry","category-general"],"post_mailing_queue_ids":[],"_links":{"self":[{"href":"https:\/\/agora.xtec.cat\/ceipsantjordi-massanet\/wp-json\/wp\/v2\/posts\/14934","targetHints":{"allow":["GET"]}}],"collection":[{"href":"https:\/\/agora.xtec.cat\/ceipsantjordi-massanet\/wp-json\/wp\/v2\/posts"}],"about":[{"href":"https:\/\/agora.xtec.cat\/ceipsantjordi-massanet\/wp-json\/wp\/v2\/types\/post"}],"author":[{"embeddable":true,"href":"https:\/\/agora.xtec.cat\/ceipsantjordi-massanet\/wp-json\/wp\/v2\/users\/4"}],"replies":[{"embeddable":true,"href":"https:\/\/agora.xtec.cat\/ceipsantjordi-massanet\/wp-json\/wp\/v2\/comments?post=14934"}],"version-history":[{"count":1,"href":"https:\/\/agora.xtec.cat\/ceipsantjordi-massanet\/wp-json\/wp\/v2\/posts\/14934\/revisions"}],"predecessor-version":[{"id":14936,"href":"https:\/\/agora.xtec.cat\/ceipsantjordi-massanet\/wp-json\/wp\/v2\/posts\/14934\/revisions\/14936"}],"wp:featuredmedia":[{"embeddable":true,"href":"https:\/\/agora.xtec.cat\/ceipsantjordi-massanet\/wp-json\/wp\/v2\/media\/14935"}],"wp:attachment":[{"href":"https:\/\/agora.xtec.cat\/ceipsantjordi-massanet\/wp-json\/wp\/v2\/media?parent=14934"}],"wp:term":[{"taxonomy":"category","embeddable":true,"href":"https:\/\/agora.xtec.cat\/ceipsantjordi-massanet\/wp-json\/wp\/v2\/categories?post=14934"},{"taxonomy":"post_tag","embeddable":true,"href":"https:\/\/agora.xtec.cat\/ceipsantjordi-massanet\/wp-json\/wp\/v2\/tags?post=14934"}],"curies":[{"name":"wp","href":"https:\/\/api.w.org\/{rel}","templated":true}]}}