{"id":1414,"date":"2015-11-24T23:20:29","date_gmt":"2015-11-24T21:20:29","guid":{"rendered":"http:\/\/agora.xtec.cat\/ceipsantjordi-massanet\/?p=1414"},"modified":"2015-12-16T16:21:38","modified_gmt":"2015-12-16T15:21:38","slug":"dia-per-als-drets-dels-infants","status":"publish","type":"post","link":"https:\/\/agora.xtec.cat\/ceipsantjordi-massanet\/portada\/dia-per-als-drets-dels-infants\/","title":{"rendered":"Drets dels Infants"},"content":{"rendered":"<p><iframe loading=\"lazy\" width=\"360\" height=\"125\" src=\"https:\/\/www.youtube.com\/embed\/UDiUb3NShCg\" frameborder=\"0\" allowfullscreen><\/iframe><\/p>\n<p>Com cada curs la Comissi\u00f3 Unesco ha dinamitzat l&#8217;activitat dels Drets dels Infants amb una s\u00e8rie de jocs i activitats a les classes i amb aquest treball individual a cada classe. Cadasc\u00fa ha treballat un dels drets que aquest curs tenien un nom simb\u00f2lic. El dret a la cabana, per exemple, feia refer\u00e8ncia a tenir una casa digna i el dret a la &#8220;tirita&#8221; a rebre atenci\u00f3 sanit\u00e0ria&#8230; La diada s&#8217;ha tancat amb un acte simb\u00f2lic on s&#8217;han repassat els noms i les implicacions de cada dret.<\/p>\n","protected":false},"excerpt":{"rendered":"<p>Com cada curs la Comissi\u00f3 Unesco ha dinamitzat l&#8217;activitat dels Drets dels Infants amb una s\u00e8rie de jocs i activitats a les classes i amb aquest treball individual a cada classe. Cadasc\u00fa ha treballat un dels drets que aquest curs tenien un nom simb\u00f2lic. El&hellip;  <a href=\"https:\/\/agora.xtec.cat\/ceipsantjordi-massanet\/portada\/dia-per-als-drets-dels-infants\/\" title=\"Read Drets dels Infants\">Llegeix m\u00e9s\u00bb<\/a><\/p>\n","protected":false},"author":4,"featured_media":0,"comment_status":"open","ping_status":"open","sticky":false,"template":"","format":"standard","meta":{"_bbp_topic_count":0,"_bbp_reply_count":0,"_bbp_total_topic_count":0,"_bbp_total_reply_count":0,"_bbp_voice_count":0,"_bbp_anonymous_reply_count":0,"_bbp_topic_count_hidden":0,"_bbp_reply_count_hidden":0,"_bbp_forum_subforum_count":0,"footnotes":""},"categories":[4,28],"tags":[],"class_list":["post-1414","post","type-post","status-publish","format-standard","hentry","category-portada","category-unesco"],"post_mailing_queue_ids":[],"_links":{"self":[{"href":"https:\/\/agora.xtec.cat\/ceipsantjordi-massanet\/wp-json\/wp\/v2\/posts\/1414","targetHints":{"allow":["GET"]}}],"collection":[{"href":"https:\/\/agora.xtec.cat\/ceipsantjordi-massanet\/wp-json\/wp\/v2\/posts"}],"about":[{"href":"https:\/\/agora.xtec.cat\/ceipsantjordi-massanet\/wp-json\/wp\/v2\/types\/post"}],"author":[{"embeddable":true,"href":"https:\/\/agora.xtec.cat\/ceipsantjordi-massanet\/wp-json\/wp\/v2\/users\/4"}],"replies":[{"embeddable":true,"href":"https:\/\/agora.xtec.cat\/ceipsantjordi-massanet\/wp-json\/wp\/v2\/comments?post=1414"}],"version-history":[{"count":4,"href":"https:\/\/agora.xtec.cat\/ceipsantjordi-massanet\/wp-json\/wp\/v2\/posts\/1414\/revisions"}],"predecessor-version":[{"id":1698,"href":"https:\/\/agora.xtec.cat\/ceipsantjordi-massanet\/wp-json\/wp\/v2\/posts\/1414\/revisions\/1698"}],"wp:attachment":[{"href":"https:\/\/agora.xtec.cat\/ceipsantjordi-massanet\/wp-json\/wp\/v2\/media?parent=1414"}],"wp:term":[{"taxonomy":"category","embeddable":true,"href":"https:\/\/agora.xtec.cat\/ceipsantjordi-massanet\/wp-json\/wp\/v2\/categories?post=1414"},{"taxonomy":"post_tag","embeddable":true,"href":"https:\/\/agora.xtec.cat\/ceipsantjordi-massanet\/wp-json\/wp\/v2\/tags?post=1414"}],"curies":[{"name":"wp","href":"https:\/\/api.w.org\/{rel}","templated":true}]}}