{"id":12685,"date":"2020-05-22T15:22:52","date_gmt":"2020-05-22T13:22:52","guid":{"rendered":"http:\/\/agora.xtec.cat\/ceipsantjordi-massanet\/?p=12685"},"modified":"2020-09-15T21:53:55","modified_gmt":"2020-09-15T19:53:55","slug":"instruccions-preinscripcio-20-21","status":"publish","type":"post","link":"https:\/\/agora.xtec.cat\/ceipsantjordi-massanet\/general\/instruccions-preinscripcio-20-21\/","title":{"rendered":"INSTRUCCIONS PREINSCRIPCI\u00d3 20-21"},"content":{"rendered":"<p><a href=\"http:\/\/www.preinscripcio.gencat.cat\"><img loading=\"lazy\" decoding=\"async\" class=\"size-full wp-image-12716 aligncenter\" src=\"https:\/\/agora.xtec.cat\/ceipsantjordi-massanet\/wp-content\/uploads\/usu391\/2020\/05\/Preinscripcio\u0301-2020-21-Passos-a-seguir-1.jpg\" alt=\"\" width=\"619\" height=\"880\" srcset=\"https:\/\/agora.xtec.cat\/ceipsantjordi-massanet\/wp-content\/uploads\/usu391\/2020\/05\/Preinscripcio\u0301-2020-21-Passos-a-seguir-1.jpg 619w, https:\/\/agora.xtec.cat\/ceipsantjordi-massanet\/wp-content\/uploads\/usu391\/2020\/05\/Preinscripcio\u0301-2020-21-Passos-a-seguir-1-211x300.jpg 211w\" sizes=\"auto, (max-width: 619px) 100vw, 619px\" \/><\/a><\/p>\n<table style=\"width: 908px;\">\n<tbody>\n<tr>\n<td style=\"width: 516px;\">\n<h4>\u00a0PER INTERNET<\/h4>\n<\/td>\n<td style=\"width: 384px;\">\n<h4>A L&#8217;ESCOLA<\/h4>\n<\/td>\n<\/tr>\n<tr>\n<td style=\"width: 516px;\">\n<h4><strong>del 13 al 22 de maig<\/strong><\/h4>\n<\/td>\n<td style=\"width: 384px;\">\n<h4><strong>del 19 al 22 de maig<\/strong><\/h4>\n<\/td>\n<\/tr>\n<tr>\n<td style=\"width: 516px;\">\n<ul>\n<li>Es pot omplir amb l&#8217;ordinador, la tauleta i el tel\u00e8fon m\u00f2bil clicant<\/li>\n<\/ul>\n<p style=\"text-align: center;\"><strong><a href=\"http:\/\/ensenyament.gencat.cat\/ca\/tramits\/tramits-temes\/20483_preinscripcio_escolar?moda=1\">ENLLA\u00c7 ALTERNATIU AMB EL NOU PROCEDIMENT<\/a><\/strong><\/p>\n<ul>\n<li style=\"text-align: left;\">Documentaci\u00f3 que cal adjuntar escanejada o fotografiada de manera <strong>que es llegeixi correctament.<\/strong><\/li>\n<\/ul>\n<h4 style=\"text-align: center;\"><strong>pi@santjordim.cat<\/strong><\/h4>\n<p>&nbsp;<\/p>\n<ul>\n<li style=\"text-align: left;\">Indiqueu al tema <strong>PREINSCRIPCI\u00d3 I EL NOM DEL NEN.<\/strong><\/li>\n<\/ul>\n<p style=\"text-align: left;\">1.- RESGUARD DE LA SOL\u00b7LICITUD TELEM\u00c0TICA (que es genera quan es va a l&#8217;adre\u00e7a anterior). Ompliu-la i descarregueu-la en PDF. Despr\u00e9s la poseu en un correu amb les fotos dels altres documents. CODI DE CENTRE 17002181. No cal firmar-lo.<\/p>\n<p style=\"text-align: left;\">2.- FOTO DEL LLIBRE DE FAM\u00cdLIA TOTES LES P\u00c0GINES ON SURTEN ELS PARES I EL NEN<\/p>\n<p style=\"text-align: left;\">3.- FOTO DUES CARES DNI DE LA PERSONA QUE DEMANA LA INSCRIPCI\u00d3 (PARE\/MARE O TUTOR)<\/p>\n<p style=\"text-align: left;\">4.- FOTO DNI PER LES DUES CARES DEL NEN\u00a0 (SI EL T\u00c9)<\/p>\n<\/td>\n<td style=\"vertical-align: top; width: 384px;\">\n<ul>\n<li>PRIMER DE TOT DEMANAR HORA AL CORREU<\/li>\n<\/ul>\n<h4 style=\"text-align: center;\"><strong>ensenyament@massanetdelaselva.cat<\/strong><\/h4>\n<h4 style=\"text-align: center;\">o al tel\u00e8fon 699138166<\/h4>\n<ul>\n<li>Anar a l&#8217;escola a l&#8217;hora que us donin amb guants, mascareta i bol\u00edgraf i deixant sempre la dist\u00e0ncia de seguretat.<\/li>\n<li>S&#8217;ha de portar tot preparat de casa amb totes les dades omplertes.<\/li>\n<\/ul>\n<p>1.- SOL\u00b7LICITUD JA IMPRESA I AMB TOTES LES DADES\u00a0 POSADES<\/p>\n<p style=\"text-align: center;\"><a href=\"http:\/\/ensenyament.gencat.cat\/web\/shared\/OVT\/Departaments\/ENS\/TramitOVT\/preinscripcio\/obligatoris\/A42.pdf\">(LA PODEU DESCARREGAR AQU\u00cd)<\/a><\/p>\n<p>2.- FOTOCOPIA LLIBRE DE FAM\u00cdLIA JA FETA<\/p>\n<p>3.- FOTOCOPIA DNI PARE\/MARE O TUTOR DUES CARES JA FETA<\/p>\n<p>4.- FOTOCOPIA DNI DEL NEN DUES CARES &#8211; SI EL T\u00c9 &#8211;\u00a0 JA FETA<\/td>\n<\/tr>\n<\/tbody>\n<\/table>\n<p><strong>ESTRANGERS: si el sol\u00b7licitant \u00e9s estranger, de la targeta de resid\u00e8ncia on consta el NIE o el passaport. Si es tracta d&#8217;estrangers comunitaris, document d&#8217;identitat del pa\u00eds d&#8217;origen. De forma extraordin\u00e0ria, les dades d&#8217;identificaci\u00f3 o de filiaci\u00f3 dels alumnes estrangers tamb\u00e9 es poden acreditar amb el document d&#8217;identitat, el llibre de fam\u00edlia del pa\u00eds d&#8217;origen o la documentaci\u00f3 alternativa que la persona pugui aportar. El director o directora del centre la valorar\u00e0 i deixar\u00e0 const\u00e0ncia per escrit de la decisi\u00f3 adoptada.<\/strong><\/p>\n","protected":false},"excerpt":{"rendered":"<p><a href=\"http:\/\/www.preinscripcio.gencat.cat\"><\/a><\/p>\n<p>\u00a0PER INTERNET<\/p>\n<p>A L&#8217;ESCOLA<\/p>\n<p>del 13 al 22 de maig<\/p>\n<p>del 19 al 22 de maig<\/p>\n<ul>\n<li>Es pot omplir amb l&#8217;ordinador, la tauleta i el tel\u00e8fon m\u00f2bil clicant<\/li>\n<\/ul>\n<p><a href=\"http:\/\/ensenyament.gencat.cat\/ca\/tramits\/tramits-temes\/20483_preinscripcio_escolar?moda=1\">ENLLA\u00c7 ALTERNATIU AMB EL NOU PROCEDIMENT<\/a><\/p>\n<ul>\n<li style=\"text-align: left;\">Documentaci\u00f3 que cal adjuntar escanejada o fotografiada de manera que es llegeixi correctament.<\/li>\n<\/ul>\n<p>pi@santjordim.cat<br \/>\n&nbsp;<\/p>\n<ul>\n<li&hellip;  <a href=\"https:\/\/agora.xtec.cat\/ceipsantjordi-massanet\/general\/instruccions-preinscripcio-20-21\/\" title=\"Read INSTRUCCIONS PREINSCRIPCI\u00d3 20-21\">Llegeix m\u00e9s\u00bb<\/a><\/p>\n","protected":false},"author":4,"featured_media":0,"comment_status":"open","ping_status":"closed","sticky":false,"template":"","format":"standard","meta":{"_bbp_topic_count":0,"_bbp_reply_count":0,"_bbp_total_topic_count":0,"_bbp_total_reply_count":0,"_bbp_voice_count":0,"_bbp_anonymous_reply_count":0,"_bbp_topic_count_hidden":0,"_bbp_reply_count_hidden":0,"_bbp_forum_subforum_count":0,"footnotes":""},"categories":[1,4],"tags":[],"class_list":["post-12685","post","type-post","status-publish","format-standard","hentry","category-general","category-portada"],"post_mailing_queue_ids":[],"_links":{"self":[{"href":"https:\/\/agora.xtec.cat\/ceipsantjordi-massanet\/wp-json\/wp\/v2\/posts\/12685","targetHints":{"allow":["GET"]}}],"collection":[{"href":"https:\/\/agora.xtec.cat\/ceipsantjordi-massanet\/wp-json\/wp\/v2\/posts"}],"about":[{"href":"https:\/\/agora.xtec.cat\/ceipsantjordi-massanet\/wp-json\/wp\/v2\/types\/post"}],"author":[{"embeddable":true,"href":"https:\/\/agora.xtec.cat\/ceipsantjordi-massanet\/wp-json\/wp\/v2\/users\/4"}],"replies":[{"embeddable":true,"href":"https:\/\/agora.xtec.cat\/ceipsantjordi-massanet\/wp-json\/wp\/v2\/comments?post=12685"}],"version-history":[{"count":4,"href":"https:\/\/agora.xtec.cat\/ceipsantjordi-massanet\/wp-json\/wp\/v2\/posts\/12685\/revisions"}],"predecessor-version":[{"id":12717,"href":"https:\/\/agora.xtec.cat\/ceipsantjordi-massanet\/wp-json\/wp\/v2\/posts\/12685\/revisions\/12717"}],"wp:attachment":[{"href":"https:\/\/agora.xtec.cat\/ceipsantjordi-massanet\/wp-json\/wp\/v2\/media?parent=12685"}],"wp:term":[{"taxonomy":"category","embeddable":true,"href":"https:\/\/agora.xtec.cat\/ceipsantjordi-massanet\/wp-json\/wp\/v2\/categories?post=12685"},{"taxonomy":"post_tag","embeddable":true,"href":"https:\/\/agora.xtec.cat\/ceipsantjordi-massanet\/wp-json\/wp\/v2\/tags?post=12685"}],"curies":[{"name":"wp","href":"https:\/\/api.w.org\/{rel}","templated":true}]}}