{"id":12671,"date":"2020-05-06T14:32:06","date_gmt":"2020-05-06T12:32:06","guid":{"rendered":"http:\/\/agora.xtec.cat\/ceipsantjordi-massanet\/?p=12671"},"modified":"2020-09-15T21:53:56","modified_gmt":"2020-09-15T19:53:56","slug":"un-viatge-al-passat","status":"publish","type":"post","link":"https:\/\/agora.xtec.cat\/ceipsantjordi-massanet\/portada\/un-viatge-al-passat\/","title":{"rendered":"UN VIATGE AL PASSAT!"},"content":{"rendered":"<p>En el viatge que estem fent els nens i les nenes de cinqu\u00e8 al passat, acabem d&#8217;arribar a l&#8217;\u00e8poca romana. Us volem ensenyar el que hem fet fins ara de la Prehist\u00f2ria i dels Ibers, ara treballem amb els romans! Donem les gr\u00e0cies a Miss Brown i al Taller d&#8217;Hist\u00f2ria de Ma\u00e7anet, a la Wikip\u00e8dia i tamb\u00e9 molt especialment a la revista &#8220;S\u00e0piens&#8221;!<\/p>\n<table>\n<tbody>\n<tr>\n<td><a href=\"https:\/\/sites.google.com\/santjordim.cat\/un-viatge-al-passat5a\/cap%C3%ADtol-1-la-prehist%C3%B2ria\"><img loading=\"lazy\" decoding=\"async\" class=\"alignnone size-full wp-image-12672\" src=\"https:\/\/agora.xtec.cat\/ceipsantjordi-massanet\/wp-content\/uploads\/usu391\/2020\/05\/Captura-de-Pantalla-2020-05-06-a-les-14.29.13.png\" alt=\"\" width=\"191\" height=\"254\" \/><\/a><\/td>\n<td><a href=\"https:\/\/sites.google.com\/santjordim.cat\/arqueologia\/cap%C3%ADtol-1-la-prehist%C3%B2ria\"><img loading=\"lazy\" decoding=\"async\" class=\"alignnone size-full wp-image-12672\" src=\"https:\/\/agora.xtec.cat\/ceipsantjordi-massanet\/wp-content\/uploads\/usu391\/2020\/05\/Captura-de-Pantalla-2020-05-06-a-les-14.29.13.png\" alt=\"\" width=\"191\" height=\"254\" \/><\/a><\/td>\n<\/tr>\n<tr>\n<td style=\"text-align: center;\"><strong>CINQU\u00c8 A<\/strong><\/td>\n<td style=\"text-align: center;\"><strong>CINQU\u00c8 B<\/strong><\/td>\n<\/tr>\n<\/tbody>\n<\/table>\n<p>&nbsp;<\/p>\n<p>&nbsp;<\/p>\n","protected":false},"excerpt":{"rendered":"<p>En el viatge que estem fent els nens i les nenes de cinqu\u00e8 al passat, acabem d&#8217;arribar a l&#8217;\u00e8poca romana. Us volem ensenyar el que hem fet fins ara de la Prehist\u00f2ria i dels Ibers, ara treballem amb els romans! Donem les gr\u00e0cies a Miss&hellip;  <a href=\"https:\/\/agora.xtec.cat\/ceipsantjordi-massanet\/portada\/un-viatge-al-passat\/\" title=\"Read UN VIATGE AL PASSAT!\">Llegeix m\u00e9s\u00bb<\/a><\/p>\n","protected":false},"author":4,"featured_media":0,"comment_status":"open","ping_status":"closed","sticky":false,"template":"","format":"standard","meta":{"_bbp_topic_count":0,"_bbp_reply_count":0,"_bbp_total_topic_count":0,"_bbp_total_reply_count":0,"_bbp_voice_count":0,"_bbp_anonymous_reply_count":0,"_bbp_topic_count_hidden":0,"_bbp_reply_count_hidden":0,"_bbp_forum_subforum_count":0,"footnotes":""},"categories":[14,4],"tags":[],"class_list":["post-12671","post","type-post","status-publish","format-standard","hentry","category-5e","category-portada"],"post_mailing_queue_ids":[],"_links":{"self":[{"href":"https:\/\/agora.xtec.cat\/ceipsantjordi-massanet\/wp-json\/wp\/v2\/posts\/12671","targetHints":{"allow":["GET"]}}],"collection":[{"href":"https:\/\/agora.xtec.cat\/ceipsantjordi-massanet\/wp-json\/wp\/v2\/posts"}],"about":[{"href":"https:\/\/agora.xtec.cat\/ceipsantjordi-massanet\/wp-json\/wp\/v2\/types\/post"}],"author":[{"embeddable":true,"href":"https:\/\/agora.xtec.cat\/ceipsantjordi-massanet\/wp-json\/wp\/v2\/users\/4"}],"replies":[{"embeddable":true,"href":"https:\/\/agora.xtec.cat\/ceipsantjordi-massanet\/wp-json\/wp\/v2\/comments?post=12671"}],"version-history":[{"count":2,"href":"https:\/\/agora.xtec.cat\/ceipsantjordi-massanet\/wp-json\/wp\/v2\/posts\/12671\/revisions"}],"predecessor-version":[{"id":12674,"href":"https:\/\/agora.xtec.cat\/ceipsantjordi-massanet\/wp-json\/wp\/v2\/posts\/12671\/revisions\/12674"}],"wp:attachment":[{"href":"https:\/\/agora.xtec.cat\/ceipsantjordi-massanet\/wp-json\/wp\/v2\/media?parent=12671"}],"wp:term":[{"taxonomy":"category","embeddable":true,"href":"https:\/\/agora.xtec.cat\/ceipsantjordi-massanet\/wp-json\/wp\/v2\/categories?post=12671"},{"taxonomy":"post_tag","embeddable":true,"href":"https:\/\/agora.xtec.cat\/ceipsantjordi-massanet\/wp-json\/wp\/v2\/tags?post=12671"}],"curies":[{"name":"wp","href":"https:\/\/api.w.org\/{rel}","templated":true}]}}