{"id":12638,"date":"2020-04-23T10:36:11","date_gmt":"2020-04-23T08:36:11","guid":{"rendered":"http:\/\/agora.xtec.cat\/ceipsantjordi-massanet\/?p=12638"},"modified":"2020-09-15T21:53:56","modified_gmt":"2020-09-15T19:53:56","slug":"felic-diada-de-sant-jordi","status":"publish","type":"post","link":"https:\/\/agora.xtec.cat\/ceipsantjordi-massanet\/portada\/felic-diada-de-sant-jordi\/","title":{"rendered":"FELI\u00c7 DIADA DE SANT JORDI!"},"content":{"rendered":"<p>https:\/\/www.youtube.com\/watch?v=MW-_0KpkcrE&#038;feature=youtu.be<\/p>\n<p>&nbsp;<\/p>\n<p>Us fem arribar aquestes imatges de l&#8217;escola. Esperem que us agradin. Donem les gr\u00e0cies a en Marc que ens les ha enviat. Donem les gr\u00e0cies tamb\u00e9 a Gianni Rodari i a tots els escriptors i escriptores que escriuen perqu\u00e8 nosaltres llegim i a tots els m\u00fasics que fan m\u00fasica perqu\u00e8 nosaltres l&#8217;escoltem i aprofitem per desitjar-vos una feli\u00e7 diada de Sant Jordi!<\/p>\n<p>&nbsp;<\/p>\n<p>&nbsp;<\/p>\n","protected":false},"excerpt":{"rendered":"<p>https:\/\/www.youtube.com\/watch?v=MW-_0KpkcrE&#038;feature=youtu.be<br \/>\n&nbsp;<br \/>\nUs fem arribar aquestes imatges de l&#8217;escola. Esperem que us agradin. Donem les gr\u00e0cies a en Marc que ens les ha enviat. Donem les gr\u00e0cies tamb\u00e9 a Gianni Rodari i a tots els escriptors i escriptores que escriuen perqu\u00e8 nosaltres llegim i a tots els&hellip;  <a href=\"https:\/\/agora.xtec.cat\/ceipsantjordi-massanet\/portada\/felic-diada-de-sant-jordi\/\" title=\"Read FELI\u00c7 DIADA DE SANT JORDI!\">Llegeix m\u00e9s\u00bb<\/a><\/p>\n","protected":false},"author":4,"featured_media":12639,"comment_status":"open","ping_status":"closed","sticky":false,"template":"","format":"standard","meta":{"_bbp_topic_count":0,"_bbp_reply_count":0,"_bbp_total_topic_count":0,"_bbp_total_reply_count":0,"_bbp_voice_count":0,"_bbp_anonymous_reply_count":0,"_bbp_topic_count_hidden":0,"_bbp_reply_count_hidden":0,"_bbp_forum_subforum_count":0,"footnotes":""},"categories":[4],"tags":[],"class_list":["post-12638","post","type-post","status-publish","format-standard","has-post-thumbnail","hentry","category-portada"],"post_mailing_queue_ids":[],"_links":{"self":[{"href":"https:\/\/agora.xtec.cat\/ceipsantjordi-massanet\/wp-json\/wp\/v2\/posts\/12638","targetHints":{"allow":["GET"]}}],"collection":[{"href":"https:\/\/agora.xtec.cat\/ceipsantjordi-massanet\/wp-json\/wp\/v2\/posts"}],"about":[{"href":"https:\/\/agora.xtec.cat\/ceipsantjordi-massanet\/wp-json\/wp\/v2\/types\/post"}],"author":[{"embeddable":true,"href":"https:\/\/agora.xtec.cat\/ceipsantjordi-massanet\/wp-json\/wp\/v2\/users\/4"}],"replies":[{"embeddable":true,"href":"https:\/\/agora.xtec.cat\/ceipsantjordi-massanet\/wp-json\/wp\/v2\/comments?post=12638"}],"version-history":[{"count":1,"href":"https:\/\/agora.xtec.cat\/ceipsantjordi-massanet\/wp-json\/wp\/v2\/posts\/12638\/revisions"}],"predecessor-version":[{"id":12640,"href":"https:\/\/agora.xtec.cat\/ceipsantjordi-massanet\/wp-json\/wp\/v2\/posts\/12638\/revisions\/12640"}],"wp:featuredmedia":[{"embeddable":true,"href":"https:\/\/agora.xtec.cat\/ceipsantjordi-massanet\/wp-json\/wp\/v2\/media\/12639"}],"wp:attachment":[{"href":"https:\/\/agora.xtec.cat\/ceipsantjordi-massanet\/wp-json\/wp\/v2\/media?parent=12638"}],"wp:term":[{"taxonomy":"category","embeddable":true,"href":"https:\/\/agora.xtec.cat\/ceipsantjordi-massanet\/wp-json\/wp\/v2\/categories?post=12638"},{"taxonomy":"post_tag","embeddable":true,"href":"https:\/\/agora.xtec.cat\/ceipsantjordi-massanet\/wp-json\/wp\/v2\/tags?post=12638"}],"curies":[{"name":"wp","href":"https:\/\/api.w.org\/{rel}","templated":true}]}}