{"id":12085,"date":"2020-02-09T10:36:13","date_gmt":"2020-02-09T09:36:13","guid":{"rendered":"http:\/\/agora.xtec.cat\/ceipsantjordi-massanet\/?p=12085"},"modified":"2020-02-13T21:49:06","modified_gmt":"2020-02-13T20:49:06","slug":"projecte-interdisciplinari-2020","status":"publish","type":"post","link":"https:\/\/agora.xtec.cat\/ceipsantjordi-massanet\/portada\/projecte-interdisciplinari-2020\/","title":{"rendered":"PROJECTE INTERDISCIPLINARI 2020"},"content":{"rendered":"<figure class=\"figure wp-caption alignnone\"><a href=\"https:\/\/sites.google.com\/santjordim.cat\/elmondelcirc\/inici\"><img loading=\"lazy\" decoding=\"async\" class=\"wp-image-12086 size-full\" src=\"https:\/\/agora.xtec.cat\/ceipsantjordi-massanet\/wp-content\/uploads\/usu391\/2020\/02\/Captura-de-pantalla-2020-02-08-a-les-10.33.13.png\" alt=\"\" width=\"889\" height=\"367\" srcset=\"https:\/\/agora.xtec.cat\/ceipsantjordi-massanet\/wp-content\/uploads\/usu391\/2020\/02\/Captura-de-pantalla-2020-02-08-a-les-10.33.13.png 889w, https:\/\/agora.xtec.cat\/ceipsantjordi-massanet\/wp-content\/uploads\/usu391\/2020\/02\/Captura-de-pantalla-2020-02-08-a-les-10.33.13-300x124.png 300w, https:\/\/agora.xtec.cat\/ceipsantjordi-massanet\/wp-content\/uploads\/usu391\/2020\/02\/Captura-de-pantalla-2020-02-08-a-les-10.33.13-768x317.png 768w\" sizes=\"auto, (max-width: 889px) 100vw, 889px\" \/><\/a><figcaption class=\"wp-caption-text\">CLICA A LA CARPA I ENTRA AL NOSTRE SITES DEL CIRC<\/figcaption><\/figure>\n<p>Comencem el Projecte Interdisciplinari 2020 que aquest any dediquem al m\u00f3n dels circ. Durant aquesta setmana farem activitats sobre el m\u00f3n del circ. Hi haur\u00e0 activitats d&#8217;investigaci\u00f3, d&#8217;expressi\u00f3 i de creativitat, hi haur\u00e0 equilibri i assaig, tallers, i moltes m\u00e9s coses. El divendres tota l&#8217;escola assistir\u00e0 a l&#8217;espectacle de circ del festival Elefant d&#8217;Or a Girona. Que comenci l&#8217;espectacle!<\/p>\n<p><strong>RECULL D&#8217;UNA TARDA DE TALLERS!<\/strong><\/p>\n<p>https:\/\/youtu.be\/LXccxgkAPno<\/p>\n","protected":false},"excerpt":{"rendered":"<p><a href=\"https:\/\/sites.google.com\/santjordim.cat\/elmondelcirc\/inici\"><\/a>CLICA A LA CARPA I ENTRA AL NOSTRE SITES DEL CIRC<br \/>\nComencem el Projecte Interdisciplinari 2020 que aquest any dediquem al m\u00f3n dels circ. Durant aquesta setmana farem activitats sobre el m\u00f3n del circ. Hi haur\u00e0 activitats d&#8217;investigaci\u00f3, d&#8217;expressi\u00f3 i de creativitat, hi haur\u00e0 equilibri&hellip;  <a href=\"https:\/\/agora.xtec.cat\/ceipsantjordi-massanet\/portada\/projecte-interdisciplinari-2020\/\" title=\"Read PROJECTE INTERDISCIPLINARI 2020\">Llegeix m\u00e9s\u00bb<\/a><\/p>\n","protected":false},"author":4,"featured_media":0,"comment_status":"open","ping_status":"closed","sticky":false,"template":"","format":"standard","meta":{"_bbp_topic_count":0,"_bbp_reply_count":0,"_bbp_total_topic_count":0,"_bbp_total_reply_count":0,"_bbp_voice_count":0,"_bbp_anonymous_reply_count":0,"_bbp_topic_count_hidden":0,"_bbp_reply_count_hidden":0,"_bbp_forum_subforum_count":0,"footnotes":""},"categories":[4],"tags":[],"class_list":["post-12085","post","type-post","status-publish","format-standard","hentry","category-portada"],"post_mailing_queue_ids":[],"_links":{"self":[{"href":"https:\/\/agora.xtec.cat\/ceipsantjordi-massanet\/wp-json\/wp\/v2\/posts\/12085","targetHints":{"allow":["GET"]}}],"collection":[{"href":"https:\/\/agora.xtec.cat\/ceipsantjordi-massanet\/wp-json\/wp\/v2\/posts"}],"about":[{"href":"https:\/\/agora.xtec.cat\/ceipsantjordi-massanet\/wp-json\/wp\/v2\/types\/post"}],"author":[{"embeddable":true,"href":"https:\/\/agora.xtec.cat\/ceipsantjordi-massanet\/wp-json\/wp\/v2\/users\/4"}],"replies":[{"embeddable":true,"href":"https:\/\/agora.xtec.cat\/ceipsantjordi-massanet\/wp-json\/wp\/v2\/comments?post=12085"}],"version-history":[{"count":3,"href":"https:\/\/agora.xtec.cat\/ceipsantjordi-massanet\/wp-json\/wp\/v2\/posts\/12085\/revisions"}],"predecessor-version":[{"id":12118,"href":"https:\/\/agora.xtec.cat\/ceipsantjordi-massanet\/wp-json\/wp\/v2\/posts\/12085\/revisions\/12118"}],"wp:attachment":[{"href":"https:\/\/agora.xtec.cat\/ceipsantjordi-massanet\/wp-json\/wp\/v2\/media?parent=12085"}],"wp:term":[{"taxonomy":"category","embeddable":true,"href":"https:\/\/agora.xtec.cat\/ceipsantjordi-massanet\/wp-json\/wp\/v2\/categories?post=12085"},{"taxonomy":"post_tag","embeddable":true,"href":"https:\/\/agora.xtec.cat\/ceipsantjordi-massanet\/wp-json\/wp\/v2\/tags?post=12085"}],"curies":[{"name":"wp","href":"https:\/\/api.w.org\/{rel}","templated":true}]}}