{"id":12050,"date":"2020-02-04T15:45:54","date_gmt":"2020-02-04T14:45:54","guid":{"rendered":"http:\/\/agora.xtec.cat\/ceipsantjordi-massanet\/?p=12050"},"modified":"2020-02-04T15:47:10","modified_gmt":"2020-02-04T14:47:10","slug":"informatiu-bon-dia-3-2-20","status":"publish","type":"post","link":"https:\/\/agora.xtec.cat\/ceipsantjordi-massanet\/portada\/informatiu-bon-dia-3-2-20\/","title":{"rendered":"INFORMATIU &#8220;BON DIA&#8221; 3-2-20"},"content":{"rendered":"<p>https:\/\/youtu.be\/0gX05EQV4IQ<\/p>\n<p>Tornem a comen\u00e7ar el &#8220;Bon dia&#8221; despr\u00e9s de la setmana de la tempesta Gl\u00f2ria. Seguiu-nos al lloc web de l&#8217;escola o tamb\u00e9 al facebook. Els nens i les nenes de quart us desitgen que tingueu una bona setmana!<\/p>\n","protected":false},"excerpt":{"rendered":"<p>https:\/\/youtu.be\/0gX05EQV4IQ<br \/>\nTornem a comen\u00e7ar el &#8220;Bon dia&#8221; despr\u00e9s de la setmana de la tempesta Gl\u00f2ria. Seguiu-nos al lloc web de l&#8217;escola o tamb\u00e9 al facebook. Els nens i les nenes de quart us desitgen que tingueu una bona setmana!<\/p>\n","protected":false},"author":4,"featured_media":12051,"comment_status":"open","ping_status":"closed","sticky":false,"template":"","format":"standard","meta":{"_bbp_topic_count":0,"_bbp_reply_count":0,"_bbp_total_topic_count":0,"_bbp_total_reply_count":0,"_bbp_voice_count":0,"_bbp_anonymous_reply_count":0,"_bbp_topic_count_hidden":0,"_bbp_reply_count_hidden":0,"_bbp_forum_subforum_count":0,"footnotes":""},"categories":[4,13],"tags":[],"class_list":["post-12050","post","type-post","status-publish","format-standard","has-post-thumbnail","hentry","category-portada","category-4t"],"post_mailing_queue_ids":[],"_links":{"self":[{"href":"https:\/\/agora.xtec.cat\/ceipsantjordi-massanet\/wp-json\/wp\/v2\/posts\/12050","targetHints":{"allow":["GET"]}}],"collection":[{"href":"https:\/\/agora.xtec.cat\/ceipsantjordi-massanet\/wp-json\/wp\/v2\/posts"}],"about":[{"href":"https:\/\/agora.xtec.cat\/ceipsantjordi-massanet\/wp-json\/wp\/v2\/types\/post"}],"author":[{"embeddable":true,"href":"https:\/\/agora.xtec.cat\/ceipsantjordi-massanet\/wp-json\/wp\/v2\/users\/4"}],"replies":[{"embeddable":true,"href":"https:\/\/agora.xtec.cat\/ceipsantjordi-massanet\/wp-json\/wp\/v2\/comments?post=12050"}],"version-history":[{"count":2,"href":"https:\/\/agora.xtec.cat\/ceipsantjordi-massanet\/wp-json\/wp\/v2\/posts\/12050\/revisions"}],"predecessor-version":[{"id":12053,"href":"https:\/\/agora.xtec.cat\/ceipsantjordi-massanet\/wp-json\/wp\/v2\/posts\/12050\/revisions\/12053"}],"wp:featuredmedia":[{"embeddable":true,"href":"https:\/\/agora.xtec.cat\/ceipsantjordi-massanet\/wp-json\/wp\/v2\/media\/12051"}],"wp:attachment":[{"href":"https:\/\/agora.xtec.cat\/ceipsantjordi-massanet\/wp-json\/wp\/v2\/media?parent=12050"}],"wp:term":[{"taxonomy":"category","embeddable":true,"href":"https:\/\/agora.xtec.cat\/ceipsantjordi-massanet\/wp-json\/wp\/v2\/categories?post=12050"},{"taxonomy":"post_tag","embeddable":true,"href":"https:\/\/agora.xtec.cat\/ceipsantjordi-massanet\/wp-json\/wp\/v2\/tags?post=12050"}],"curies":[{"name":"wp","href":"https:\/\/api.w.org\/{rel}","templated":true}]}}