{"id":11853,"date":"2020-01-30T17:48:48","date_gmt":"2020-01-30T16:48:48","guid":{"rendered":"http:\/\/agora.xtec.cat\/ceipsantjordi-massanet\/?p=11853"},"modified":"2020-02-02T13:03:52","modified_gmt":"2020-02-02T12:03:52","slug":"dia-de-la-pau-2020","status":"publish","type":"post","link":"https:\/\/agora.xtec.cat\/ceipsantjordi-massanet\/portada\/dia-de-la-pau-2020\/","title":{"rendered":"DIA DE LA PAU 2020"},"content":{"rendered":"<p>Amb la can\u00e7\u00f3 de Tom\u00e0s Gonz\u00e1lez &#8220;Somnis d&#8217;infant&#8221; us presentem l&#8217;activitat del Dia de la Pau.<\/p>\n<p>https:\/\/youtu.be\/guNQXo_torg<\/p>\n<p><a href=\"https:\/\/youtu.be\/kQhjIQpkOHI\">(versi\u00f3 accelerada)<\/a><\/p>\n<p style=\"text-align: justify;\">Per fer aquesta activitat cada classe ha treballat dues paraules relacionades amb la pau. Hem buscat qu\u00e8 volen dir les paraules i quines paraules s\u00f3n al voltant de les que hem treballat pel que fa als seus significats. Tamb\u00e9 hem fet aquests cartells amb les paraules i les hem penjat al cartell de la pau. Si mireu la versi\u00f3 accelerada veureu el progr\u00e9s del treball per\u00f2 no podreu sentir les nostres explicacions. A la versi\u00f3 del v\u00eddeo podeu sentir a quines conclusions hem arribat.<\/p>\n<p style=\"text-align: right;\">QUE LA PAU ENS ACOMPANYI!<\/p>\n","protected":false},"excerpt":{"rendered":"<p>Amb la can\u00e7\u00f3 de Tom\u00e0s Gonz\u00e1lez &#8220;Somnis d&#8217;infant&#8221; us presentem l&#8217;activitat del Dia de la Pau.<br \/>\nhttps:\/\/youtu.be\/guNQXo_torg<br \/>\n<a href=\"https:\/\/youtu.be\/kQhjIQpkOHI\">(versi\u00f3 accelerada)<\/a><br \/>\nPer fer aquesta activitat cada classe ha treballat dues paraules relacionades amb la pau. Hem buscat qu\u00e8 volen dir les paraules i quines paraules s\u00f3n al voltant de&hellip;  <a href=\"https:\/\/agora.xtec.cat\/ceipsantjordi-massanet\/portada\/dia-de-la-pau-2020\/\" title=\"Read DIA DE LA PAU 2020\">Llegeix m\u00e9s\u00bb<\/a><\/p>\n","protected":false},"author":4,"featured_media":11854,"comment_status":"open","ping_status":"closed","sticky":false,"template":"","format":"standard","meta":{"_bbp_topic_count":0,"_bbp_reply_count":0,"_bbp_total_topic_count":0,"_bbp_total_reply_count":0,"_bbp_voice_count":0,"_bbp_anonymous_reply_count":0,"_bbp_topic_count_hidden":0,"_bbp_reply_count_hidden":0,"_bbp_forum_subforum_count":0,"footnotes":""},"categories":[4],"tags":[],"class_list":["post-11853","post","type-post","status-publish","format-standard","has-post-thumbnail","hentry","category-portada"],"post_mailing_queue_ids":[],"_links":{"self":[{"href":"https:\/\/agora.xtec.cat\/ceipsantjordi-massanet\/wp-json\/wp\/v2\/posts\/11853","targetHints":{"allow":["GET"]}}],"collection":[{"href":"https:\/\/agora.xtec.cat\/ceipsantjordi-massanet\/wp-json\/wp\/v2\/posts"}],"about":[{"href":"https:\/\/agora.xtec.cat\/ceipsantjordi-massanet\/wp-json\/wp\/v2\/types\/post"}],"author":[{"embeddable":true,"href":"https:\/\/agora.xtec.cat\/ceipsantjordi-massanet\/wp-json\/wp\/v2\/users\/4"}],"replies":[{"embeddable":true,"href":"https:\/\/agora.xtec.cat\/ceipsantjordi-massanet\/wp-json\/wp\/v2\/comments?post=11853"}],"version-history":[{"count":3,"href":"https:\/\/agora.xtec.cat\/ceipsantjordi-massanet\/wp-json\/wp\/v2\/posts\/11853\/revisions"}],"predecessor-version":[{"id":11996,"href":"https:\/\/agora.xtec.cat\/ceipsantjordi-massanet\/wp-json\/wp\/v2\/posts\/11853\/revisions\/11996"}],"wp:featuredmedia":[{"embeddable":true,"href":"https:\/\/agora.xtec.cat\/ceipsantjordi-massanet\/wp-json\/wp\/v2\/media\/11854"}],"wp:attachment":[{"href":"https:\/\/agora.xtec.cat\/ceipsantjordi-massanet\/wp-json\/wp\/v2\/media?parent=11853"}],"wp:term":[{"taxonomy":"category","embeddable":true,"href":"https:\/\/agora.xtec.cat\/ceipsantjordi-massanet\/wp-json\/wp\/v2\/categories?post=11853"},{"taxonomy":"post_tag","embeddable":true,"href":"https:\/\/agora.xtec.cat\/ceipsantjordi-massanet\/wp-json\/wp\/v2\/tags?post=11853"}],"curies":[{"name":"wp","href":"https:\/\/api.w.org\/{rel}","templated":true}]}}