{"id":11627,"date":"2019-12-13T21:31:47","date_gmt":"2019-12-13T20:31:47","guid":{"rendered":"http:\/\/agora.xtec.cat\/ceipsantjordi-massanet\/?p=11627"},"modified":"2019-12-20T10:43:20","modified_gmt":"2019-12-20T09:43:20","slug":"mon-virtual","status":"publish","type":"post","link":"https:\/\/agora.xtec.cat\/ceipsantjordi-massanet\/portada\/mon-virtual\/","title":{"rendered":"M\u00d3N VIRTUAL!"},"content":{"rendered":"<p><a href=\"https:\/\/agora.xtec.cat\/ceipsantjordi-massanet\/wp-content\/uploads\/usu391\/2019\/12\/granja.png\"><img loading=\"lazy\" decoding=\"async\" class=\"alignnone wp-image-11628\" src=\"https:\/\/agora.xtec.cat\/ceipsantjordi-massanet\/wp-content\/uploads\/usu391\/2019\/12\/granja.png\" alt=\"\" width=\"360\" height=\"227\" srcset=\"https:\/\/agora.xtec.cat\/ceipsantjordi-massanet\/wp-content\/uploads\/usu391\/2019\/12\/granja.png 366w, https:\/\/agora.xtec.cat\/ceipsantjordi-massanet\/wp-content\/uploads\/usu391\/2019\/12\/granja-300x189.png 300w\" sizes=\"auto, (max-width: 360px) 100vw, 360px\" \/><\/a><\/p>\n<p>El m\u00f3n virtual dels nens i les nenes de cinqu\u00e8 est\u00e0 prenent forma. Aviat comen\u00e7aran l&#8217;activitat, de moment han comen\u00e7at a fer els primers tests. Els serfs ho tenen complicat, tot el dia pagant impostos al senyor feudal&#8230; i a l&#8217;esgl\u00e9sia i amb els pirates que ho saquegen tot! Al m\u00f3n virtual del castell, aprendrem unes quantes coses sobre com era la vida en aquell temps, treballarem el text instructiu, el tutorial, treballarem en equip i procurarem a resoldre molts problemes i tamb\u00e9 a ser-hi feli\u00e7os i felices!<\/p>\n<p><a href=\"https:\/\/agora.xtec.cat\/ceipsantjordi-massanet\/wp-content\/uploads\/usu391\/2019\/12\/nobles.png\"><img loading=\"lazy\" decoding=\"async\" class=\"alignnone wp-image-11630\" src=\"https:\/\/agora.xtec.cat\/ceipsantjordi-massanet\/wp-content\/uploads\/usu391\/2019\/12\/nobles.png\" alt=\"\" width=\"368\" height=\"228\" srcset=\"https:\/\/agora.xtec.cat\/ceipsantjordi-massanet\/wp-content\/uploads\/usu391\/2019\/12\/nobles.png 355w, https:\/\/agora.xtec.cat\/ceipsantjordi-massanet\/wp-content\/uploads\/usu391\/2019\/12\/nobles-300x186.png 300w\" sizes=\"auto, (max-width: 368px) 100vw, 368px\" \/><\/a><\/p>\n<p>Aix\u00ed s\u00f3n els diversos espais en aquest m\u00f3n virtual, us hi hem posat uns personatges de demostraci\u00f3 perqu\u00e8 encara no hi ha entrat ning\u00fa i tot \u00e9s un misteri&#8230;<\/p>\n<p><a href=\"https:\/\/agora.xtec.cat\/ceipsantjordi-massanet\/wp-content\/uploads\/usu391\/2019\/12\/MOSSEN-MATEU.png\"><img loading=\"lazy\" decoding=\"async\" class=\"alignnone size-large wp-image-11629\" src=\"https:\/\/agora.xtec.cat\/ceipsantjordi-massanet\/wp-content\/uploads\/usu391\/2019\/12\/MOSSEN-MATEU.png\" alt=\"\" width=\"372\" height=\"227\" srcset=\"https:\/\/agora.xtec.cat\/ceipsantjordi-massanet\/wp-content\/uploads\/usu391\/2019\/12\/MOSSEN-MATEU.png 372w, https:\/\/agora.xtec.cat\/ceipsantjordi-massanet\/wp-content\/uploads\/usu391\/2019\/12\/MOSSEN-MATEU-300x183.png 300w\" sizes=\"auto, (max-width: 372px) 100vw, 372px\" \/><\/a><\/p>\n<p>Si voleu llegir-ne quatre coses importants, <a href=\"https:\/\/docs.google.com\/document\/d\/e\/2PACX-1vRWzN2cnto0epGFFCz_hbu97vPPkmhQdbDv8Rje5jLlicnSrt7olugsvi5qfJpwuea6vFvUIYKhkqdk\/pub\">cliqueu aqu\u00ed!<\/a> (ben aviat comen\u00e7arem la publicaci\u00f3 del &#8220;Diari del Castell&#8221;)<\/p>\n<p><a href=\"https:\/\/agora.xtec.cat\/ceipsantjordi-massanet\/wp-content\/uploads\/usu391\/2019\/12\/PIRAT.png\"><img loading=\"lazy\" decoding=\"async\" class=\"alignnone size-large wp-image-11631\" src=\"https:\/\/agora.xtec.cat\/ceipsantjordi-massanet\/wp-content\/uploads\/usu391\/2019\/12\/PIRAT.png\" alt=\"\" width=\"362\" height=\"229\" srcset=\"https:\/\/agora.xtec.cat\/ceipsantjordi-massanet\/wp-content\/uploads\/usu391\/2019\/12\/PIRAT.png 362w, https:\/\/agora.xtec.cat\/ceipsantjordi-massanet\/wp-content\/uploads\/usu391\/2019\/12\/PIRAT-300x190.png 300w\" sizes=\"auto, (max-width: 362px) 100vw, 362px\" \/><\/a><\/p>\n","protected":false},"excerpt":{"rendered":"<p><a href=\"https:\/\/agora.xtec.cat\/ceipsantjordi-massanet\/wp-content\/uploads\/usu391\/2019\/12\/granja.png\"><\/a><br \/>\nEl m\u00f3n virtual dels nens i les nenes de cinqu\u00e8 est\u00e0 prenent forma. Aviat comen\u00e7aran l&#8217;activitat, de moment han comen\u00e7at a fer els primers tests. Els serfs ho tenen complicat, tot el dia pagant impostos al senyor feudal&#8230; i a l&#8217;esgl\u00e9sia i amb els&hellip;  <a href=\"https:\/\/agora.xtec.cat\/ceipsantjordi-massanet\/portada\/mon-virtual\/\" title=\"Read M\u00d3N VIRTUAL!\">Llegeix m\u00e9s\u00bb<\/a><\/p>\n","protected":false},"author":4,"featured_media":11628,"comment_status":"open","ping_status":"closed","sticky":false,"template":"","format":"standard","meta":{"_bbp_topic_count":0,"_bbp_reply_count":0,"_bbp_total_topic_count":0,"_bbp_total_reply_count":0,"_bbp_voice_count":0,"_bbp_anonymous_reply_count":0,"_bbp_topic_count_hidden":0,"_bbp_reply_count_hidden":0,"_bbp_forum_subforum_count":0,"footnotes":""},"categories":[14,4],"tags":[],"class_list":["post-11627","post","type-post","status-publish","format-standard","has-post-thumbnail","hentry","category-5e","category-portada"],"post_mailing_queue_ids":[],"_links":{"self":[{"href":"https:\/\/agora.xtec.cat\/ceipsantjordi-massanet\/wp-json\/wp\/v2\/posts\/11627","targetHints":{"allow":["GET"]}}],"collection":[{"href":"https:\/\/agora.xtec.cat\/ceipsantjordi-massanet\/wp-json\/wp\/v2\/posts"}],"about":[{"href":"https:\/\/agora.xtec.cat\/ceipsantjordi-massanet\/wp-json\/wp\/v2\/types\/post"}],"author":[{"embeddable":true,"href":"https:\/\/agora.xtec.cat\/ceipsantjordi-massanet\/wp-json\/wp\/v2\/users\/4"}],"replies":[{"embeddable":true,"href":"https:\/\/agora.xtec.cat\/ceipsantjordi-massanet\/wp-json\/wp\/v2\/comments?post=11627"}],"version-history":[{"count":3,"href":"https:\/\/agora.xtec.cat\/ceipsantjordi-massanet\/wp-json\/wp\/v2\/posts\/11627\/revisions"}],"predecessor-version":[{"id":11750,"href":"https:\/\/agora.xtec.cat\/ceipsantjordi-massanet\/wp-json\/wp\/v2\/posts\/11627\/revisions\/11750"}],"wp:featuredmedia":[{"embeddable":true,"href":"https:\/\/agora.xtec.cat\/ceipsantjordi-massanet\/wp-json\/wp\/v2\/media\/11628"}],"wp:attachment":[{"href":"https:\/\/agora.xtec.cat\/ceipsantjordi-massanet\/wp-json\/wp\/v2\/media?parent=11627"}],"wp:term":[{"taxonomy":"category","embeddable":true,"href":"https:\/\/agora.xtec.cat\/ceipsantjordi-massanet\/wp-json\/wp\/v2\/categories?post=11627"},{"taxonomy":"post_tag","embeddable":true,"href":"https:\/\/agora.xtec.cat\/ceipsantjordi-massanet\/wp-json\/wp\/v2\/tags?post=11627"}],"curies":[{"name":"wp","href":"https:\/\/api.w.org\/{rel}","templated":true}]}}