{"id":11623,"date":"2019-12-12T21:03:32","date_gmt":"2019-12-12T20:03:32","guid":{"rendered":"http:\/\/agora.xtec.cat\/ceipsantjordi-massanet\/?p=11623"},"modified":"2019-12-12T21:03:32","modified_gmt":"2019-12-12T20:03:32","slug":"comencem-lactivitat-dhoquei-al-pati","status":"publish","type":"post","link":"https:\/\/agora.xtec.cat\/ceipsantjordi-massanet\/portada\/comencem-lactivitat-dhoquei-al-pati\/","title":{"rendered":"Comencem l&#8217;activitat d&#8217;hoquei al pati!"},"content":{"rendered":"<p><a href=\"https:\/\/agora.xtec.cat\/ceipsantjordi-massanet\/wp-content\/uploads\/usu391\/2019\/12\/5f502337-28b2-4402-ac34-d72b524abbd0.jpg\"><img loading=\"lazy\" decoding=\"async\" class=\"alignnone  wp-image-11624\" src=\"https:\/\/agora.xtec.cat\/ceipsantjordi-massanet\/wp-content\/uploads\/usu391\/2019\/12\/5f502337-28b2-4402-ac34-d72b524abbd0-1024x575.jpg\" alt=\"\" width=\"345\" height=\"194\" srcset=\"https:\/\/agora.xtec.cat\/ceipsantjordi-massanet\/wp-content\/uploads\/usu391\/2019\/12\/5f502337-28b2-4402-ac34-d72b524abbd0-1024x575.jpg 1024w, https:\/\/agora.xtec.cat\/ceipsantjordi-massanet\/wp-content\/uploads\/usu391\/2019\/12\/5f502337-28b2-4402-ac34-d72b524abbd0-300x168.jpg 300w, https:\/\/agora.xtec.cat\/ceipsantjordi-massanet\/wp-content\/uploads\/usu391\/2019\/12\/5f502337-28b2-4402-ac34-d72b524abbd0-768x431.jpg 768w, https:\/\/agora.xtec.cat\/ceipsantjordi-massanet\/wp-content\/uploads\/usu391\/2019\/12\/5f502337-28b2-4402-ac34-d72b524abbd0.jpg 2048w\" sizes=\"auto, (max-width: 345px) 100vw, 345px\" \/><\/a><a href=\"https:\/\/agora.xtec.cat\/ceipsantjordi-massanet\/wp-content\/uploads\/usu391\/2019\/12\/343ce51f-8418-454b-a058-cd8a2aeed843.jpg\"><img loading=\"lazy\" decoding=\"async\" class=\"alignnone  wp-image-11625\" src=\"https:\/\/agora.xtec.cat\/ceipsantjordi-massanet\/wp-content\/uploads\/usu391\/2019\/12\/343ce51f-8418-454b-a058-cd8a2aeed843-1024x575.jpg\" alt=\"\" width=\"346\" height=\"194\" srcset=\"https:\/\/agora.xtec.cat\/ceipsantjordi-massanet\/wp-content\/uploads\/usu391\/2019\/12\/343ce51f-8418-454b-a058-cd8a2aeed843-1024x575.jpg 1024w, https:\/\/agora.xtec.cat\/ceipsantjordi-massanet\/wp-content\/uploads\/usu391\/2019\/12\/343ce51f-8418-454b-a058-cd8a2aeed843-300x168.jpg 300w, https:\/\/agora.xtec.cat\/ceipsantjordi-massanet\/wp-content\/uploads\/usu391\/2019\/12\/343ce51f-8418-454b-a058-cd8a2aeed843-768x431.jpg 768w, https:\/\/agora.xtec.cat\/ceipsantjordi-massanet\/wp-content\/uploads\/usu391\/2019\/12\/343ce51f-8418-454b-a058-cd8a2aeed843.jpg 2048w\" sizes=\"auto, (max-width: 346px) 100vw, 346px\" \/><\/a><\/p>\n<p>Aquesta setmana, tal i com vam parlar a la reuni\u00f3 de delegades i delegats, hem comen\u00e7at a fer servir el material d&#8217;hoquei al pati de sorra. \u00c9s molt divertit!<\/p>\n","protected":false},"excerpt":{"rendered":"<p><a href=\"https:\/\/agora.xtec.cat\/ceipsantjordi-massanet\/wp-content\/uploads\/usu391\/2019\/12\/5f502337-28b2-4402-ac34-d72b524abbd0.jpg\"><\/a><a href=\"https:\/\/agora.xtec.cat\/ceipsantjordi-massanet\/wp-content\/uploads\/usu391\/2019\/12\/343ce51f-8418-454b-a058-cd8a2aeed843.jpg\"><\/a><br \/>\nAquesta setmana, tal i com vam parlar a la reuni\u00f3 de delegades i delegats, hem comen\u00e7at a fer servir el material d&#8217;hoquei al pati de sorra. \u00c9s molt divertit!<\/p>\n","protected":false},"author":4,"featured_media":0,"comment_status":"open","ping_status":"closed","sticky":false,"template":"","format":"standard","meta":{"_bbp_topic_count":0,"_bbp_reply_count":0,"_bbp_total_topic_count":0,"_bbp_total_reply_count":0,"_bbp_voice_count":0,"_bbp_anonymous_reply_count":0,"_bbp_topic_count_hidden":0,"_bbp_reply_count_hidden":0,"_bbp_forum_subforum_count":0,"footnotes":""},"categories":[4],"tags":[],"class_list":["post-11623","post","type-post","status-publish","format-standard","hentry","category-portada"],"post_mailing_queue_ids":[],"_links":{"self":[{"href":"https:\/\/agora.xtec.cat\/ceipsantjordi-massanet\/wp-json\/wp\/v2\/posts\/11623","targetHints":{"allow":["GET"]}}],"collection":[{"href":"https:\/\/agora.xtec.cat\/ceipsantjordi-massanet\/wp-json\/wp\/v2\/posts"}],"about":[{"href":"https:\/\/agora.xtec.cat\/ceipsantjordi-massanet\/wp-json\/wp\/v2\/types\/post"}],"author":[{"embeddable":true,"href":"https:\/\/agora.xtec.cat\/ceipsantjordi-massanet\/wp-json\/wp\/v2\/users\/4"}],"replies":[{"embeddable":true,"href":"https:\/\/agora.xtec.cat\/ceipsantjordi-massanet\/wp-json\/wp\/v2\/comments?post=11623"}],"version-history":[{"count":1,"href":"https:\/\/agora.xtec.cat\/ceipsantjordi-massanet\/wp-json\/wp\/v2\/posts\/11623\/revisions"}],"predecessor-version":[{"id":11626,"href":"https:\/\/agora.xtec.cat\/ceipsantjordi-massanet\/wp-json\/wp\/v2\/posts\/11623\/revisions\/11626"}],"wp:attachment":[{"href":"https:\/\/agora.xtec.cat\/ceipsantjordi-massanet\/wp-json\/wp\/v2\/media?parent=11623"}],"wp:term":[{"taxonomy":"category","embeddable":true,"href":"https:\/\/agora.xtec.cat\/ceipsantjordi-massanet\/wp-json\/wp\/v2\/categories?post=11623"},{"taxonomy":"post_tag","embeddable":true,"href":"https:\/\/agora.xtec.cat\/ceipsantjordi-massanet\/wp-json\/wp\/v2\/tags?post=11623"}],"curies":[{"name":"wp","href":"https:\/\/api.w.org\/{rel}","templated":true}]}}